{"id":9100,"date":"2026-09-03T09:56:20","date_gmt":"2026-09-03T07:56:20","guid":{"rendered":"https:\/\/www.ksv-gf.de\/?p=9100"},"modified":"2026-09-03T09:58:13","modified_gmt":"2026-09-03T07:58:13","slug":"neue-ziele-im-bogensport","status":"publish","type":"post","link":"https:\/\/www.ksv-gf.de\/?p=9100","title":{"rendered":"Neue Ziele im Bogensport"},"content":{"rendered":"\n<p class=\"wp-block-paragraph\">Deutsche Meisterschaften im Freien auch f\u00fcr Sch\u00fclerklassen B und A<\/p>\n\n\n\n<p class=\"has-small-font-size wp-block-paragraph\"><strong>Text: Referent Bogensport, Foto: Markus Wagner<\/strong><\/p>\n\n\n\n<p class=\"wp-block-paragraph\">Der Deutsche Sch\u00fctzenbund (DSB) hatte am 22. August 2026 zur Deutschen Sch\u00fcler-Meisterschaft Bogen WA im Freien eingeladen.<\/p>\n\n\n<div class=\"wp-block-image\">\n<figure class=\"aligncenter size-full\"><img decoding=\"async\" width=\"549\" height=\"439\" data-src=\"https:\/\/www.ksv-gf.de\/wp-content\/uploads\/2026\/09\/SchuelerDM20261.png\" alt=\"\" class=\"wp-image-9103 lazyload\" data-srcset=\"https:\/\/www.ksv-gf.de\/wp-content\/uploads\/2026\/09\/SchuelerDM20261.png 549w, https:\/\/www.ksv-gf.de\/wp-content\/uploads\/2026\/09\/SchuelerDM20261-300x240.png 300w, https:\/\/www.ksv-gf.de\/wp-content\/uploads\/2026\/09\/SchuelerDM20261-350x280.png 350w\" data-sizes=\"(max-width: 549px) 100vw, 549px\" src=\"data:image\/svg+xml;base64,PHN2ZyB3aWR0aD0iMSIgaGVpZ2h0PSIxIiB4bWxucz0iaHR0cDovL3d3dy53My5vcmcvMjAwMC9zdmciPjwvc3ZnPg==\" style=\"--smush-placeholder-width: 549px; --smush-placeholder-aspect-ratio: 549\/439;\" \/><figcaption class=\"wp-element-caption\">Die drei gl\u00fccklichen Medaillengewinnerinnen der Klasse Sch\u00fcler A Recurve v. l.: Linnea Edlich, Hanna Grasser und Kirsi Sanftenberg<\/figcaption><\/figure>\n<\/div>\n\n\n<p class=\"wp-block-paragraph\">Auf dem Bundesst\u00fctzpunkt in Suhl\/Th\u00fcringen konnten sich erstmalig Sch\u00fcler und Sch\u00fclerinnen Recurve-, Compound- und Blankbogen f\u00fcr eine Deutsche Meisterschaft im Freien bewerben. Mit der Premiere ergeben sich nun auch f\u00fcr die Sch\u00fcler und Sch\u00fclerinnen B und A neue Ziele auf nationaler Ebene. Bisher waren die Sch\u00fclerklassen von den Deutschen Meisterschaften im Freien ausgeschlossen.<\/p>\n\n\n\n<p class=\"wp-block-paragraph\">Zu den ersten Meisterschaften hatten 209 Sch\u00fcler und Sch\u00fclerinnen aus dem gesamten Bundesgebiet gemeldet, um die ersten 10 Titeltr\u00e4ger (Recurve 4, Compound 2, Blankbogen 4) zu ermitteln.<\/p>\n\n\n\n<p class=\"wp-block-paragraph\">Aus dem Kreissch\u00fctzenverband Gifhorn (KSV) waren drei Sch\u00fclerinnen mit dem Recurvebogen angetreten: Marta Edlich Sch\u00fclerinnen B (Hillerse) und bei den Sch\u00fclerinnen A Martina Berenike Meiners (Wedelheine-Wedesb\u00fcttel) und Linnea Edlich (Hillerse).<\/p>\n\n\n\n<p class=\"wp-block-paragraph\">Bei den Sch\u00fclerinnen A Konnte &nbsp;Linnea Edlich die Silbermedaille f\u00fcr Deutsche Vizemeisterschaft (672 Ringe) entgegennehmen. Martina Berenike Meiners erzielte 579 Ringe und kam auf Platz 32. Den 8. Platz in der Klasse Recurve B weiblich sicherte sich Marta Edlich mit 292 Ringen.<\/p>\n\n\n\n<p class=\"wp-block-paragraph\">Die A-Klassen schossen ein volles Programm von 2 mal 36 Pfeilen \u00fcber 40 Meter auf 122cm-Auflagen.<\/p>\n\n\n\n<p class=\"wp-block-paragraph\">Die B-Klassen mussten ein Halbprogramm von 36 Pfeilen und einen Athletikparcours mit Kraft-, Koordinations-, Schnelligkeits- und Ausdauer\u00fcbungen bew\u00e4ltigen.<\/p>\n\n\n\n<p class=\"wp-block-paragraph\">Wechselhafte Wetterbedingungen zwischen Sonne und Regen stellten zus\u00e4tzliche Anforderungen an die Athleten und lie\u00dfen Pf\u00fctzen auf dem Schie\u00dfplatz entstehen<\/p>\n\n\n\n<p class=\"wp-block-paragraph\"><\/p>\n","protected":false},"excerpt":{"rendered":"<p>Deutsche Meisterschaften im Freien auch f\u00fcr Sch\u00fclerklassen B und A Text: Referent Bogensport, Foto: Markus Wagner Der Deutsche Sch\u00fctzenbund (DSB) hatte am 22. August 2026 zur Deutschen Sch\u00fcler-Meisterschaft Bogen WA &hellip; <\/p>\n<p class=\"link-more\"><a href=\"https:\/\/www.ksv-gf.de\/?p=9100\" class=\"more-link\"><span class=\"screen-reader-text\">\u201eNeue Ziele im Bogensport\u201c <\/span>weiterlesen<\/a><\/p>\n","protected":false},"author":3,"featured_media":0,"comment_status":"closed","ping_status":"closed","sticky":false,"template":"","format":"standard","meta":{"footnotes":""},"categories":[1],"tags":[],"class_list":["post-9100","post","type-post","status-publish","format-standard","hentry","category-uncategorized"],"yoast_head":"<!-- This site is optimized with the Yoast SEO plugin v27.9 - https:\/\/yoast.com\/product\/yoast-seo-wordpress\/ -->\n<title>Neue Ziele im Bogensport - KSV Gifhorn<\/title>\n<meta name=\"robots\" content=\"index, follow, max-snippet:-1, max-image-preview:large, max-video-preview:-1\" \/>\n<link rel=\"canonical\" href=\"https:\/\/www.ksv-gf.de\/?p=9100\" \/>\n<meta property=\"og:locale\" content=\"de_DE\" \/>\n<meta property=\"og:type\" content=\"article\" \/>\n<meta property=\"og:title\" content=\"Neue Ziele im Bogensport - KSV Gifhorn\" \/>\n<meta property=\"og:description\" content=\"Deutsche Meisterschaften im Freien auch f\u00fcr Sch\u00fclerklassen B und A Text: Referent Bogensport, Foto: Markus Wagner Der Deutsche Sch\u00fctzenbund (DSB) hatte am 22. August 2026 zur Deutschen Sch\u00fcler-Meisterschaft Bogen WA &hellip; \u201eNeue Ziele im Bogensport\u201c weiterlesen\" \/>\n<meta property=\"og:url\" content=\"https:\/\/www.ksv-gf.de\/?p=9100\" \/>\n<meta property=\"og:site_name\" content=\"KSV Gifhorn\" \/>\n<meta property=\"article:published_time\" content=\"2026-09-03T07:56:20+00:00\" \/>\n<meta property=\"article:modified_time\" content=\"2026-09-03T07:58:13+00:00\" \/>\n<meta property=\"og:image\" content=\"https:\/\/www.ksv-gf.de\/wp-content\/uploads\/2026\/09\/SchuelerDM20261.png\" \/>\n\t<meta property=\"og:image:width\" content=\"549\" \/>\n\t<meta property=\"og:image:height\" content=\"439\" \/>\n\t<meta property=\"og:image:type\" content=\"image\/png\" \/>\n<meta name=\"author\" content=\"Klaus-Dieter Oppermann\" \/>\n<meta name=\"twitter:card\" content=\"summary_large_image\" \/>\n<meta name=\"twitter:label1\" content=\"Verfasst von\" \/>\n\t<meta name=\"twitter:data1\" content=\"Klaus-Dieter Oppermann\" \/>\n\t<meta name=\"twitter:label2\" content=\"Gesch\u00e4tzte Lesezeit\" \/>\n\t<meta name=\"twitter:data2\" content=\"2\u00a0Minuten\" \/>\n<script type=\"application\/ld+json\" class=\"yoast-schema-graph\">{\"@context\":\"https:\\\/\\\/schema.org\",\"@graph\":[{\"@type\":\"Article\",\"@id\":\"https:\\\/\\\/www.ksv-gf.de\\\/?p=9100#article\",\"isPartOf\":{\"@id\":\"https:\\\/\\\/www.ksv-gf.de\\\/?p=9100\"},\"author\":{\"name\":\"Klaus-Dieter Oppermann\",\"@id\":\"https:\\\/\\\/www.ksv-gf.de\\\/#\\\/schema\\\/person\\\/ad298515c60f1baa05c4160e8911b879\"},\"headline\":\"Neue Ziele im Bogensport\",\"datePublished\":\"2026-09-03T07:56:20+00:00\",\"dateModified\":\"2026-09-03T07:58:13+00:00\",\"mainEntityOfPage\":{\"@id\":\"https:\\\/\\\/www.ksv-gf.de\\\/?p=9100\"},\"wordCount\":277,\"publisher\":{\"@id\":\"https:\\\/\\\/www.ksv-gf.de\\\/#organization\"},\"image\":{\"@id\":\"https:\\\/\\\/www.ksv-gf.de\\\/?p=9100#primaryimage\"},\"thumbnailUrl\":\"https:\\\/\\\/www.ksv-gf.de\\\/wp-content\\\/uploads\\\/2026\\\/09\\\/SchuelerDM20261.png\",\"articleSection\":[\"Uncategorized\"],\"inLanguage\":\"de\"},{\"@type\":\"WebPage\",\"@id\":\"https:\\\/\\\/www.ksv-gf.de\\\/?p=9100\",\"url\":\"https:\\\/\\\/www.ksv-gf.de\\\/?p=9100\",\"name\":\"Neue Ziele im Bogensport - KSV Gifhorn\",\"isPartOf\":{\"@id\":\"https:\\\/\\\/www.ksv-gf.de\\\/#website\"},\"primaryImageOfPage\":{\"@id\":\"https:\\\/\\\/www.ksv-gf.de\\\/?p=9100#primaryimage\"},\"image\":{\"@id\":\"https:\\\/\\\/www.ksv-gf.de\\\/?p=9100#primaryimage\"},\"thumbnailUrl\":\"https:\\\/\\\/www.ksv-gf.de\\\/wp-content\\\/uploads\\\/2026\\\/09\\\/SchuelerDM20261.png\",\"datePublished\":\"2026-09-03T07:56:20+00:00\",\"dateModified\":\"2026-09-03T07:58:13+00:00\",\"breadcrumb\":{\"@id\":\"https:\\\/\\\/www.ksv-gf.de\\\/?p=9100#breadcrumb\"},\"inLanguage\":\"de\",\"potentialAction\":[{\"@type\":\"ReadAction\",\"target\":[\"https:\\\/\\\/www.ksv-gf.de\\\/?p=9100\"]}]},{\"@type\":\"ImageObject\",\"inLanguage\":\"de\",\"@id\":\"https:\\\/\\\/www.ksv-gf.de\\\/?p=9100#primaryimage\",\"url\":\"https:\\\/\\\/www.ksv-gf.de\\\/wp-content\\\/uploads\\\/2026\\\/09\\\/SchuelerDM20261.png\",\"contentUrl\":\"https:\\\/\\\/www.ksv-gf.de\\\/wp-content\\\/uploads\\\/2026\\\/09\\\/SchuelerDM20261.png\",\"width\":549,\"height\":439},{\"@type\":\"BreadcrumbList\",\"@id\":\"https:\\\/\\\/www.ksv-gf.de\\\/?p=9100#breadcrumb\",\"itemListElement\":[{\"@type\":\"ListItem\",\"position\":1,\"name\":\"Startseite\",\"item\":\"https:\\\/\\\/www.ksv-gf.de\\\/\"},{\"@type\":\"ListItem\",\"position\":2,\"name\":\"Neue Ziele im Bogensport\"}]},{\"@type\":\"WebSite\",\"@id\":\"https:\\\/\\\/www.ksv-gf.de\\\/#website\",\"url\":\"https:\\\/\\\/www.ksv-gf.de\\\/\",\"name\":\"KSV Gifhorn\",\"description\":\"\",\"publisher\":{\"@id\":\"https:\\\/\\\/www.ksv-gf.de\\\/#organization\"},\"potentialAction\":[{\"@type\":\"SearchAction\",\"target\":{\"@type\":\"EntryPoint\",\"urlTemplate\":\"https:\\\/\\\/www.ksv-gf.de\\\/?s={search_term_string}\"},\"query-input\":{\"@type\":\"PropertyValueSpecification\",\"valueRequired\":true,\"valueName\":\"search_term_string\"}}],\"inLanguage\":\"de\"},{\"@type\":\"Organization\",\"@id\":\"https:\\\/\\\/www.ksv-gf.de\\\/#organization\",\"name\":\"Kreissch\u00fctzenverband Gifhorn e.V.\",\"url\":\"https:\\\/\\\/www.ksv-gf.de\\\/\",\"logo\":{\"@type\":\"ImageObject\",\"inLanguage\":\"de\",\"@id\":\"https:\\\/\\\/www.ksv-gf.de\\\/#\\\/schema\\\/logo\\\/image\\\/\",\"url\":\"https:\\\/\\\/www.ksv-gf.de\\\/wp-content\\\/uploads\\\/2021\\\/05\\\/cropped-WAPPEN-KSV-GIFHORN_NEU.png\",\"contentUrl\":\"https:\\\/\\\/www.ksv-gf.de\\\/wp-content\\\/uploads\\\/2021\\\/05\\\/cropped-WAPPEN-KSV-GIFHORN_NEU.png\",\"width\":204,\"height\":250,\"caption\":\"Kreissch\u00fctzenverband Gifhorn e.V.\"},\"image\":{\"@id\":\"https:\\\/\\\/www.ksv-gf.de\\\/#\\\/schema\\\/logo\\\/image\\\/\"}},{\"@type\":\"Person\",\"@id\":\"https:\\\/\\\/www.ksv-gf.de\\\/#\\\/schema\\\/person\\\/ad298515c60f1baa05c4160e8911b879\",\"name\":\"Klaus-Dieter Oppermann\",\"image\":{\"@type\":\"ImageObject\",\"inLanguage\":\"de\",\"@id\":\"https:\\\/\\\/secure.gravatar.com\\\/avatar\\\/ffc924b10e7b514dc121f031395016bbfc9a28920c896d84510adfcaec4466c6?s=96&d=mm&r=g\",\"url\":\"https:\\\/\\\/secure.gravatar.com\\\/avatar\\\/ffc924b10e7b514dc121f031395016bbfc9a28920c896d84510adfcaec4466c6?s=96&d=mm&r=g\",\"contentUrl\":\"https:\\\/\\\/secure.gravatar.com\\\/avatar\\\/ffc924b10e7b514dc121f031395016bbfc9a28920c896d84510adfcaec4466c6?s=96&d=mm&r=g\",\"caption\":\"Klaus-Dieter Oppermann\"},\"url\":\"https:\\\/\\\/www.ksv-gf.de\\\/?author=3\"}]}<\/script>\n<!-- \/ Yoast SEO plugin. -->","yoast_head_json":{"title":"Neue Ziele im Bogensport - KSV Gifhorn","robots":{"index":"index","follow":"follow","max-snippet":"max-snippet:-1","max-image-preview":"max-image-preview:large","max-video-preview":"max-video-preview:-1"},"canonical":"https:\/\/www.ksv-gf.de\/?p=9100","og_locale":"de_DE","og_type":"article","og_title":"Neue Ziele im Bogensport - KSV Gifhorn","og_description":"Deutsche Meisterschaften im Freien auch f\u00fcr Sch\u00fclerklassen B und A Text: Referent Bogensport, Foto: Markus Wagner Der Deutsche Sch\u00fctzenbund (DSB) hatte am 22. August 2026 zur Deutschen Sch\u00fcler-Meisterschaft Bogen WA &hellip; \u201eNeue Ziele im Bogensport\u201c weiterlesen","og_url":"https:\/\/www.ksv-gf.de\/?p=9100","og_site_name":"KSV Gifhorn","article_published_time":"2026-09-03T07:56:20+00:00","article_modified_time":"2026-09-03T07:58:13+00:00","og_image":[{"width":549,"height":439,"url":"https:\/\/www.ksv-gf.de\/wp-content\/uploads\/2026\/09\/SchuelerDM20261.png","type":"image\/png"}],"author":"Klaus-Dieter Oppermann","twitter_card":"summary_large_image","twitter_misc":{"Verfasst von":"Klaus-Dieter Oppermann","Gesch\u00e4tzte Lesezeit":"2\u00a0Minuten"},"schema":{"@context":"https:\/\/schema.org","@graph":[{"@type":"Article","@id":"https:\/\/www.ksv-gf.de\/?p=9100#article","isPartOf":{"@id":"https:\/\/www.ksv-gf.de\/?p=9100"},"author":{"name":"Klaus-Dieter Oppermann","@id":"https:\/\/www.ksv-gf.de\/#\/schema\/person\/ad298515c60f1baa05c4160e8911b879"},"headline":"Neue Ziele im Bogensport","datePublished":"2026-09-03T07:56:20+00:00","dateModified":"2026-09-03T07:58:13+00:00","mainEntityOfPage":{"@id":"https:\/\/www.ksv-gf.de\/?p=9100"},"wordCount":277,"publisher":{"@id":"https:\/\/www.ksv-gf.de\/#organization"},"image":{"@id":"https:\/\/www.ksv-gf.de\/?p=9100#primaryimage"},"thumbnailUrl":"https:\/\/www.ksv-gf.de\/wp-content\/uploads\/2026\/09\/SchuelerDM20261.png","articleSection":["Uncategorized"],"inLanguage":"de"},{"@type":"WebPage","@id":"https:\/\/www.ksv-gf.de\/?p=9100","url":"https:\/\/www.ksv-gf.de\/?p=9100","name":"Neue Ziele im Bogensport - KSV Gifhorn","isPartOf":{"@id":"https:\/\/www.ksv-gf.de\/#website"},"primaryImageOfPage":{"@id":"https:\/\/www.ksv-gf.de\/?p=9100#primaryimage"},"image":{"@id":"https:\/\/www.ksv-gf.de\/?p=9100#primaryimage"},"thumbnailUrl":"https:\/\/www.ksv-gf.de\/wp-content\/uploads\/2026\/09\/SchuelerDM20261.png","datePublished":"2026-09-03T07:56:20+00:00","dateModified":"2026-09-03T07:58:13+00:00","breadcrumb":{"@id":"https:\/\/www.ksv-gf.de\/?p=9100#breadcrumb"},"inLanguage":"de","potentialAction":[{"@type":"ReadAction","target":["https:\/\/www.ksv-gf.de\/?p=9100"]}]},{"@type":"ImageObject","inLanguage":"de","@id":"https:\/\/www.ksv-gf.de\/?p=9100#primaryimage","url":"https:\/\/www.ksv-gf.de\/wp-content\/uploads\/2026\/09\/SchuelerDM20261.png","contentUrl":"https:\/\/www.ksv-gf.de\/wp-content\/uploads\/2026\/09\/SchuelerDM20261.png","width":549,"height":439},{"@type":"BreadcrumbList","@id":"https:\/\/www.ksv-gf.de\/?p=9100#breadcrumb","itemListElement":[{"@type":"ListItem","position":1,"name":"Startseite","item":"https:\/\/www.ksv-gf.de\/"},{"@type":"ListItem","position":2,"name":"Neue Ziele im Bogensport"}]},{"@type":"WebSite","@id":"https:\/\/www.ksv-gf.de\/#website","url":"https:\/\/www.ksv-gf.de\/","name":"KSV Gifhorn","description":"","publisher":{"@id":"https:\/\/www.ksv-gf.de\/#organization"},"potentialAction":[{"@type":"SearchAction","target":{"@type":"EntryPoint","urlTemplate":"https:\/\/www.ksv-gf.de\/?s={search_term_string}"},"query-input":{"@type":"PropertyValueSpecification","valueRequired":true,"valueName":"search_term_string"}}],"inLanguage":"de"},{"@type":"Organization","@id":"https:\/\/www.ksv-gf.de\/#organization","name":"Kreissch\u00fctzenverband Gifhorn e.V.","url":"https:\/\/www.ksv-gf.de\/","logo":{"@type":"ImageObject","inLanguage":"de","@id":"https:\/\/www.ksv-gf.de\/#\/schema\/logo\/image\/","url":"https:\/\/www.ksv-gf.de\/wp-content\/uploads\/2021\/05\/cropped-WAPPEN-KSV-GIFHORN_NEU.png","contentUrl":"https:\/\/www.ksv-gf.de\/wp-content\/uploads\/2021\/05\/cropped-WAPPEN-KSV-GIFHORN_NEU.png","width":204,"height":250,"caption":"Kreissch\u00fctzenverband Gifhorn e.V."},"image":{"@id":"https:\/\/www.ksv-gf.de\/#\/schema\/logo\/image\/"}},{"@type":"Person","@id":"https:\/\/www.ksv-gf.de\/#\/schema\/person\/ad298515c60f1baa05c4160e8911b879","name":"Klaus-Dieter Oppermann","image":{"@type":"ImageObject","inLanguage":"de","@id":"https:\/\/secure.gravatar.com\/avatar\/ffc924b10e7b514dc121f031395016bbfc9a28920c896d84510adfcaec4466c6?s=96&d=mm&r=g","url":"https:\/\/secure.gravatar.com\/avatar\/ffc924b10e7b514dc121f031395016bbfc9a28920c896d84510adfcaec4466c6?s=96&d=mm&r=g","contentUrl":"https:\/\/secure.gravatar.com\/avatar\/ffc924b10e7b514dc121f031395016bbfc9a28920c896d84510adfcaec4466c6?s=96&d=mm&r=g","caption":"Klaus-Dieter Oppermann"},"url":"https:\/\/www.ksv-gf.de\/?author=3"}]}},"publishpress_future_action":{"enabled":false,"date":"2026-09-11 07:48:05","action":"change-status","newStatus":"draft","terms":[],"taxonomy":"category","extraData":[]},"publishpress_future_workflow_manual_trigger":{"enabledWorkflows":[]},"_links":{"self":[{"href":"https:\/\/www.ksv-gf.de\/index.php?rest_route=\/wp\/v2\/posts\/9100","targetHints":{"allow":["GET"]}}],"collection":[{"href":"https:\/\/www.ksv-gf.de\/index.php?rest_route=\/wp\/v2\/posts"}],"about":[{"href":"https:\/\/www.ksv-gf.de\/index.php?rest_route=\/wp\/v2\/types\/post"}],"author":[{"embeddable":true,"href":"https:\/\/www.ksv-gf.de\/index.php?rest_route=\/wp\/v2\/users\/3"}],"replies":[{"embeddable":true,"href":"https:\/\/www.ksv-gf.de\/index.php?rest_route=%2Fwp%2Fv2%2Fcomments&post=9100"}],"version-history":[{"count":5,"href":"https:\/\/www.ksv-gf.de\/index.php?rest_route=\/wp\/v2\/posts\/9100\/revisions"}],"predecessor-version":[{"id":9106,"href":"https:\/\/www.ksv-gf.de\/index.php?rest_route=\/wp\/v2\/posts\/9100\/revisions\/9106"}],"wp:attachment":[{"href":"https:\/\/www.ksv-gf.de\/index.php?rest_route=%2Fwp%2Fv2%2Fmedia&parent=9100"}],"wp:term":[{"taxonomy":"category","embeddable":true,"href":"https:\/\/www.ksv-gf.de\/index.php?rest_route=%2Fwp%2Fv2%2Fcategories&post=9100"},{"taxonomy":"post_tag","embeddable":true,"href":"https:\/\/www.ksv-gf.de\/index.php?rest_route=%2Fwp%2Fv2%2Ftags&post=9100"}],"curies":[{"name":"wp","href":"https:\/\/api.w.org\/{rel}","templated":true}]}}