{"id":8703,"date":"2026-03-15T19:56:03","date_gmt":"2026-03-15T18:56:03","guid":{"rendered":"https:\/\/www.ksv-gf.de\/?p=8703"},"modified":"2026-04-03T19:58:32","modified_gmt":"2026-04-03T17:58:32","slug":"kreisdelegiertentag-2026","status":"publish","type":"post","link":"https:\/\/www.ksv-gf.de\/?p=8703","title":{"rendered":"Kreisdelegiertentag 2026"},"content":{"rendered":"\n<p class=\"has-small-font-size\"><strong>Text und Fotos: Klaus-Dieter Oppermann<\/strong><\/p>\n\n\n\n<p>Nach mehreren Jahren Pause fand der Kreisdelegiertentag erstmals wieder im B\u00fcrgersch\u00fctzensaal in Gifhorn statt. Unser Kreisvorsitzender Oliver Koch freute sich, eine Reihe G\u00e4ste begr\u00fc\u00dfen zu d\u00fcrfen. So waren neben den Vertretern nach Nachbarkreise Isenhagen und Wolfsburg auch der Vizepr\u00e4sident des Nieders\u00e4chsischen Sportsch\u00fctzenverbandes und Ehrenvorsitzende des KSV Gifhorn, Uwe Weimann, gekommen. Erstmals konnte der neu gew\u00e4hlte Landrat des Kreises Gifhorn, Philipp Raulfs, im Kreise der Sch\u00fctzen begr\u00fc\u00dft werden.<\/p>\n\n\n\n<p>Beide \u00fcberbrachten den Sch\u00fctzenschwestern und Sch\u00fctzenbr\u00fcdern die Gr\u00fc\u00dfe ihrer Institutionen, und w\u00fcnschten der Versammlung einen guten Verlauf.<\/p>\n\n\n\n<p>Unter dem Tagesordnungspunkt Ehrungen wurden an verdiente Sch\u00fctzenschwestern und Sch\u00fctzenbr\u00fcder Ehrennadeln des Nieders\u00e4chsischen Sportsch\u00fctzenverbandes und des Kreissch\u00fctzenverbandes \u00fcberreicht. Leider waren viele der zu Ehrenden nicht anwesend.<\/p>\n\n\n\n<p class=\"has-medium-font-size\"><strong>Kreisk\u00f6nige<\/strong><\/p>\n\n\n\n<p>Ein mit Spannung erwarteter Tagesordnungspunkt war die Proklamation der Kreisk\u00f6niginnen und Kreisk\u00f6nige. Die Anw\u00e4rter f\u00fcr die Titel waren alle anwesend, da sie im Vorfeld \u00fcber einen erreichten Titel informiert wurden, welcher das war, blieb allerdings geheim. Folgende Titeltr\u00e4ger wurden proklamiert:<\/p>\n\n\n<div class=\"wp-block-image\">\n<figure class=\"aligncenter size-full is-resized\"><img decoding=\"async\" width=\"400\" height=\"334\" data-src=\"https:\/\/www.ksv-gf.de\/wp-content\/uploads\/2026\/03\/Koenige.jpg\" alt=\"\" class=\"wp-image-8762 lazyload\" style=\"--smush-placeholder-width: 400px; --smush-placeholder-aspect-ratio: 400\/334;width:400px;height:auto\" data-srcset=\"https:\/\/www.ksv-gf.de\/wp-content\/uploads\/2026\/03\/Koenige.jpg 400w, https:\/\/www.ksv-gf.de\/wp-content\/uploads\/2026\/03\/Koenige-300x251.jpg 300w, https:\/\/www.ksv-gf.de\/wp-content\/uploads\/2026\/03\/Koenige-350x292.jpg 350w\" data-sizes=\"(max-width: 400px) 100vw, 400px\" src=\"data:image\/svg+xml;base64,PHN2ZyB3aWR0aD0iMSIgaGVpZ2h0PSIxIiB4bWxucz0iaHR0cDovL3d3dy53My5vcmcvMjAwMC9zdmciPjwvc3ZnPg==\" \/><\/figure>\n<\/div>\n\n\n<p class=\"has-medium-font-size\"><strong>Berichte der Vorstandsmitglieder<\/strong><\/p>\n\n\n\n<p>Dieser Tagesordnungspunkt konnte recht kurz ausfallen, da die Berichte im Vorfeld in schriftlicher Form an die Delegierten verteilt wurden. So konnten die jeweiligen Referenten ihre Berichte auf einige wenige wichtige Punkte beschr\u00e4nken.<\/p>\n\n\n\n<p class=\"has-medium-font-size\"><strong>Wahl eines Vorsitzenden<\/strong><\/p>\n\n\n<div class=\"wp-block-image\">\n<figure class=\"alignleft size-large is-resized\"><img decoding=\"async\" width=\"819\" height=\"1024\" data-src=\"https:\/\/www.ksv-gf.de\/wp-content\/uploads\/2026\/03\/DSC_5581h-819x1024.jpg\" alt=\"\" class=\"wp-image-8761 lazyload\" style=\"--smush-placeholder-width: 819px; --smush-placeholder-aspect-ratio: 819\/1024;aspect-ratio:0.7998071681530788;width:179px;height:auto\" data-srcset=\"https:\/\/www.ksv-gf.de\/wp-content\/uploads\/2026\/03\/DSC_5581h-819x1024.jpg 819w, https:\/\/www.ksv-gf.de\/wp-content\/uploads\/2026\/03\/DSC_5581h-240x300.jpg 240w, https:\/\/www.ksv-gf.de\/wp-content\/uploads\/2026\/03\/DSC_5581h-768x960.jpg 768w, https:\/\/www.ksv-gf.de\/wp-content\/uploads\/2026\/03\/DSC_5581h-1229x1536.jpg 1229w, https:\/\/www.ksv-gf.de\/wp-content\/uploads\/2026\/03\/DSC_5581h-1638x2048.jpg 1638w, https:\/\/www.ksv-gf.de\/wp-content\/uploads\/2026\/03\/DSC_5581h-350x438.jpg 350w, https:\/\/www.ksv-gf.de\/wp-content\/uploads\/2026\/03\/DSC_5581h.jpg 1807w\" data-sizes=\"(max-width: 767px) 89vw, (max-width: 1000px) 54vw, (max-width: 1071px) 543px, 580px\" src=\"data:image\/svg+xml;base64,PHN2ZyB3aWR0aD0iMSIgaGVpZ2h0PSIxIiB4bWxucz0iaHR0cDovL3d3dy53My5vcmcvMjAwMC9zdmciPjwvc3ZnPg==\" \/><\/figure>\n<\/div>\n\n\n<p>Einer der wichtigsten Tagesordnungspunkte war sicher die Wahl des Kreisvorsitzenden. Die laufende Wahlperiode des bisherigen Vorsitzenden, Oliver Koch, war nach drei Jahren abgelaufen. Der Kreisvorstand, hier vertreten durch den 2. Vorsitzenden, Thorsten Scholz Fasch, schlug der Versammlung die Wiederwahl vor. Da sich aus der Versammlung keine weiteren Vorschl\u00e4ge ergeben haben, wurde \u00fcber den Vorschlag des Kreisvorstandes abgestimmt. Das Ergebnis war ein einstimmiges Votum f\u00fcr Oliver Koch, der somit seine Arbeit f\u00fcr weiter drei Jahre ausf\u00fchren wird.<\/p>\n\n\n\n<p>Neben der Wahl des Vorsitzenden stand auch die (Wieder)wahl des stellvertretenden Schatzmeisters, und der Sachbearbeiterin f\u00fcr Lehrarbeit und Waffenrecht an. Auch diese Positionen wurden von der Versammlung best\u00e4tigt. <\/p>\n\n\n\n<p>Neu gew\u00e4hlt wurde ein stellvertretender Kreissportleiter, weil der bisherige Amtsinhaber Garnet Stemler aus beruflichen Gr\u00fcnden nicht mehr zur Verf\u00fcgung stehen kann. Die Wahl viel mit gro\u00dfer Mehrheit auf Wolfgang Bindseil vom BSC Isenb\u00fcttel. Zum 3. Kassenpr\u00fcfer wurde Meik Heusel vom SV Leiferde gew\u00e4hlt.<\/p>\n\n\n","protected":false},"excerpt":{"rendered":"<p>Text und Fotos: Klaus-Dieter Oppermann Nach mehreren Jahren Pause fand der Kreisdelegiertentag erstmals wieder im B\u00fcrgersch\u00fctzensaal in Gifhorn statt. Unser Kreisvorsitzender Oliver Koch freute sich, eine Reihe G\u00e4ste begr\u00fc\u00dfen zu &hellip; <\/p>\n<p class=\"link-more\"><a href=\"https:\/\/www.ksv-gf.de\/?p=8703\" class=\"more-link\"><span class=\"screen-reader-text\">\u201eKreisdelegiertentag 2026\u201c <\/span>weiterlesen<\/a><\/p>\n","protected":false},"author":3,"featured_media":0,"comment_status":"closed","ping_status":"closed","sticky":false,"template":"","format":"standard","meta":{"_jetpack_memberships_contains_paid_content":false,"footnotes":""},"categories":[120,1],"tags":[],"class_list":["post-8703","post","type-post","status-publish","format-standard","hentry","category-kreisdelegiertentag","category-uncategorized"],"yoast_head":"<!-- This site is optimized with the Yoast SEO plugin v27.1.1 - https:\/\/yoast.com\/product\/yoast-seo-wordpress\/ -->\n<title>Kreisdelegiertentag 2026 - KSV Gifhorn<\/title>\n<meta name=\"robots\" content=\"index, follow, max-snippet:-1, max-image-preview:large, max-video-preview:-1\" \/>\n<link rel=\"canonical\" href=\"https:\/\/www.ksv-gf.de\/?p=8703\" \/>\n<meta property=\"og:locale\" content=\"de_DE\" \/>\n<meta property=\"og:type\" content=\"article\" \/>\n<meta property=\"og:title\" content=\"Kreisdelegiertentag 2026 - KSV Gifhorn\" \/>\n<meta property=\"og:description\" content=\"Text und Fotos: Klaus-Dieter Oppermann Nach mehreren Jahren Pause fand der Kreisdelegiertentag erstmals wieder im B\u00fcrgersch\u00fctzensaal in Gifhorn statt. Unser Kreisvorsitzender Oliver Koch freute sich, eine Reihe G\u00e4ste begr\u00fc\u00dfen zu &hellip; \u201eKreisdelegiertentag 2026\u201c weiterlesen\" \/>\n<meta property=\"og:url\" content=\"https:\/\/www.ksv-gf.de\/?p=8703\" \/>\n<meta property=\"og:site_name\" content=\"KSV Gifhorn\" \/>\n<meta property=\"article:published_time\" content=\"2026-03-15T18:56:03+00:00\" \/>\n<meta property=\"article:modified_time\" content=\"2026-04-03T17:58:32+00:00\" \/>\n<meta property=\"og:image\" content=\"https:\/\/www.ksv-gf.de\/wp-content\/uploads\/2026\/03\/Koenige.jpg\" \/>\n\t<meta property=\"og:image:width\" content=\"400\" \/>\n\t<meta property=\"og:image:height\" content=\"334\" \/>\n\t<meta property=\"og:image:type\" content=\"image\/jpeg\" \/>\n<meta name=\"author\" content=\"Klaus-Dieter Oppermann\" \/>\n<meta name=\"twitter:card\" content=\"summary_large_image\" \/>\n<meta name=\"twitter:label1\" content=\"Verfasst von\" \/>\n\t<meta name=\"twitter:data1\" content=\"Klaus-Dieter Oppermann\" \/>\n\t<meta name=\"twitter:label2\" content=\"Gesch\u00e4tzte Lesezeit\" \/>\n\t<meta name=\"twitter:data2\" content=\"3\u00a0Minuten\" \/>\n<script type=\"application\/ld+json\" class=\"yoast-schema-graph\">{\"@context\":\"https:\/\/schema.org\",\"@graph\":[{\"@type\":\"Article\",\"@id\":\"https:\/\/www.ksv-gf.de\/?p=8703#article\",\"isPartOf\":{\"@id\":\"https:\/\/www.ksv-gf.de\/?p=8703\"},\"author\":{\"name\":\"Klaus-Dieter Oppermann\",\"@id\":\"https:\/\/www.ksv-gf.de\/#\/schema\/person\/ad298515c60f1baa05c4160e8911b879\"},\"headline\":\"Kreisdelegiertentag 2026\",\"datePublished\":\"2026-03-15T18:56:03+00:00\",\"dateModified\":\"2026-04-03T17:58:32+00:00\",\"mainEntityOfPage\":{\"@id\":\"https:\/\/www.ksv-gf.de\/?p=8703\"},\"wordCount\":383,\"publisher\":{\"@id\":\"https:\/\/www.ksv-gf.de\/#organization\"},\"image\":{\"@id\":\"https:\/\/www.ksv-gf.de\/?p=8703#primaryimage\"},\"thumbnailUrl\":\"https:\/\/www.ksv-gf.de\/wp-content\/uploads\/2026\/03\/Koenige.jpg\",\"articleSection\":[\"Kreisdelegiertentag\",\"Uncategorized\"],\"inLanguage\":\"de\"},{\"@type\":\"WebPage\",\"@id\":\"https:\/\/www.ksv-gf.de\/?p=8703\",\"url\":\"https:\/\/www.ksv-gf.de\/?p=8703\",\"name\":\"Kreisdelegiertentag 2026 - KSV Gifhorn\",\"isPartOf\":{\"@id\":\"https:\/\/www.ksv-gf.de\/#website\"},\"primaryImageOfPage\":{\"@id\":\"https:\/\/www.ksv-gf.de\/?p=8703#primaryimage\"},\"image\":{\"@id\":\"https:\/\/www.ksv-gf.de\/?p=8703#primaryimage\"},\"thumbnailUrl\":\"https:\/\/www.ksv-gf.de\/wp-content\/uploads\/2026\/03\/Koenige.jpg\",\"datePublished\":\"2026-03-15T18:56:03+00:00\",\"dateModified\":\"2026-04-03T17:58:32+00:00\",\"breadcrumb\":{\"@id\":\"https:\/\/www.ksv-gf.de\/?p=8703#breadcrumb\"},\"inLanguage\":\"de\",\"potentialAction\":[{\"@type\":\"ReadAction\",\"target\":[\"https:\/\/www.ksv-gf.de\/?p=8703\"]}]},{\"@type\":\"ImageObject\",\"inLanguage\":\"de\",\"@id\":\"https:\/\/www.ksv-gf.de\/?p=8703#primaryimage\",\"url\":\"https:\/\/www.ksv-gf.de\/wp-content\/uploads\/2026\/03\/Koenige.jpg\",\"contentUrl\":\"https:\/\/www.ksv-gf.de\/wp-content\/uploads\/2026\/03\/Koenige.jpg\",\"width\":400,\"height\":334},{\"@type\":\"BreadcrumbList\",\"@id\":\"https:\/\/www.ksv-gf.de\/?p=8703#breadcrumb\",\"itemListElement\":[{\"@type\":\"ListItem\",\"position\":1,\"name\":\"Startseite\",\"item\":\"https:\/\/www.ksv-gf.de\/\"},{\"@type\":\"ListItem\",\"position\":2,\"name\":\"Kreisdelegiertentag 2026\"}]},{\"@type\":\"WebSite\",\"@id\":\"https:\/\/www.ksv-gf.de\/#website\",\"url\":\"https:\/\/www.ksv-gf.de\/\",\"name\":\"KSV Gifhorn\",\"description\":\"\",\"publisher\":{\"@id\":\"https:\/\/www.ksv-gf.de\/#organization\"},\"potentialAction\":[{\"@type\":\"SearchAction\",\"target\":{\"@type\":\"EntryPoint\",\"urlTemplate\":\"https:\/\/www.ksv-gf.de\/?s={search_term_string}\"},\"query-input\":{\"@type\":\"PropertyValueSpecification\",\"valueRequired\":true,\"valueName\":\"search_term_string\"}}],\"inLanguage\":\"de\"},{\"@type\":\"Organization\",\"@id\":\"https:\/\/www.ksv-gf.de\/#organization\",\"name\":\"Kreissch\u00fctzenverband Gifhorn e.V.\",\"url\":\"https:\/\/www.ksv-gf.de\/\",\"logo\":{\"@type\":\"ImageObject\",\"inLanguage\":\"de\",\"@id\":\"https:\/\/www.ksv-gf.de\/#\/schema\/logo\/image\/\",\"url\":\"https:\/\/www.ksv-gf.de\/wp-content\/uploads\/2021\/05\/cropped-WAPPEN-KSV-GIFHORN_NEU.png\",\"contentUrl\":\"https:\/\/www.ksv-gf.de\/wp-content\/uploads\/2021\/05\/cropped-WAPPEN-KSV-GIFHORN_NEU.png\",\"width\":204,\"height\":250,\"caption\":\"Kreissch\u00fctzenverband Gifhorn e.V.\"},\"image\":{\"@id\":\"https:\/\/www.ksv-gf.de\/#\/schema\/logo\/image\/\"}},{\"@type\":\"Person\",\"@id\":\"https:\/\/www.ksv-gf.de\/#\/schema\/person\/ad298515c60f1baa05c4160e8911b879\",\"name\":\"Klaus-Dieter Oppermann\",\"image\":{\"@type\":\"ImageObject\",\"inLanguage\":\"de\",\"@id\":\"https:\/\/www.ksv-gf.de\/#\/schema\/person\/image\/\",\"url\":\"https:\/\/secure.gravatar.com\/avatar\/ffc924b10e7b514dc121f031395016bbfc9a28920c896d84510adfcaec4466c6?s=96&d=mm&r=g\",\"contentUrl\":\"https:\/\/secure.gravatar.com\/avatar\/ffc924b10e7b514dc121f031395016bbfc9a28920c896d84510adfcaec4466c6?s=96&d=mm&r=g\",\"caption\":\"Klaus-Dieter Oppermann\"},\"url\":\"https:\/\/www.ksv-gf.de\/?author=3\"}]}<\/script>\n<!-- \/ Yoast SEO plugin. -->","yoast_head_json":{"title":"Kreisdelegiertentag 2026 - KSV Gifhorn","robots":{"index":"index","follow":"follow","max-snippet":"max-snippet:-1","max-image-preview":"max-image-preview:large","max-video-preview":"max-video-preview:-1"},"canonical":"https:\/\/www.ksv-gf.de\/?p=8703","og_locale":"de_DE","og_type":"article","og_title":"Kreisdelegiertentag 2026 - KSV Gifhorn","og_description":"Text und Fotos: Klaus-Dieter Oppermann Nach mehreren Jahren Pause fand der Kreisdelegiertentag erstmals wieder im B\u00fcrgersch\u00fctzensaal in Gifhorn statt. Unser Kreisvorsitzender Oliver Koch freute sich, eine Reihe G\u00e4ste begr\u00fc\u00dfen zu &hellip; \u201eKreisdelegiertentag 2026\u201c weiterlesen","og_url":"https:\/\/www.ksv-gf.de\/?p=8703","og_site_name":"KSV Gifhorn","article_published_time":"2026-03-15T18:56:03+00:00","article_modified_time":"2026-04-03T17:58:32+00:00","og_image":[{"width":400,"height":334,"url":"https:\/\/www.ksv-gf.de\/wp-content\/uploads\/2026\/03\/Koenige.jpg","type":"image\/jpeg"}],"author":"Klaus-Dieter Oppermann","twitter_card":"summary_large_image","twitter_misc":{"Verfasst von":"Klaus-Dieter Oppermann","Gesch\u00e4tzte Lesezeit":"3\u00a0Minuten"},"schema":{"@context":"https:\/\/schema.org","@graph":[{"@type":"Article","@id":"https:\/\/www.ksv-gf.de\/?p=8703#article","isPartOf":{"@id":"https:\/\/www.ksv-gf.de\/?p=8703"},"author":{"name":"Klaus-Dieter Oppermann","@id":"https:\/\/www.ksv-gf.de\/#\/schema\/person\/ad298515c60f1baa05c4160e8911b879"},"headline":"Kreisdelegiertentag 2026","datePublished":"2026-03-15T18:56:03+00:00","dateModified":"2026-04-03T17:58:32+00:00","mainEntityOfPage":{"@id":"https:\/\/www.ksv-gf.de\/?p=8703"},"wordCount":383,"publisher":{"@id":"https:\/\/www.ksv-gf.de\/#organization"},"image":{"@id":"https:\/\/www.ksv-gf.de\/?p=8703#primaryimage"},"thumbnailUrl":"https:\/\/www.ksv-gf.de\/wp-content\/uploads\/2026\/03\/Koenige.jpg","articleSection":["Kreisdelegiertentag","Uncategorized"],"inLanguage":"de"},{"@type":"WebPage","@id":"https:\/\/www.ksv-gf.de\/?p=8703","url":"https:\/\/www.ksv-gf.de\/?p=8703","name":"Kreisdelegiertentag 2026 - KSV Gifhorn","isPartOf":{"@id":"https:\/\/www.ksv-gf.de\/#website"},"primaryImageOfPage":{"@id":"https:\/\/www.ksv-gf.de\/?p=8703#primaryimage"},"image":{"@id":"https:\/\/www.ksv-gf.de\/?p=8703#primaryimage"},"thumbnailUrl":"https:\/\/www.ksv-gf.de\/wp-content\/uploads\/2026\/03\/Koenige.jpg","datePublished":"2026-03-15T18:56:03+00:00","dateModified":"2026-04-03T17:58:32+00:00","breadcrumb":{"@id":"https:\/\/www.ksv-gf.de\/?p=8703#breadcrumb"},"inLanguage":"de","potentialAction":[{"@type":"ReadAction","target":["https:\/\/www.ksv-gf.de\/?p=8703"]}]},{"@type":"ImageObject","inLanguage":"de","@id":"https:\/\/www.ksv-gf.de\/?p=8703#primaryimage","url":"https:\/\/www.ksv-gf.de\/wp-content\/uploads\/2026\/03\/Koenige.jpg","contentUrl":"https:\/\/www.ksv-gf.de\/wp-content\/uploads\/2026\/03\/Koenige.jpg","width":400,"height":334},{"@type":"BreadcrumbList","@id":"https:\/\/www.ksv-gf.de\/?p=8703#breadcrumb","itemListElement":[{"@type":"ListItem","position":1,"name":"Startseite","item":"https:\/\/www.ksv-gf.de\/"},{"@type":"ListItem","position":2,"name":"Kreisdelegiertentag 2026"}]},{"@type":"WebSite","@id":"https:\/\/www.ksv-gf.de\/#website","url":"https:\/\/www.ksv-gf.de\/","name":"KSV Gifhorn","description":"","publisher":{"@id":"https:\/\/www.ksv-gf.de\/#organization"},"potentialAction":[{"@type":"SearchAction","target":{"@type":"EntryPoint","urlTemplate":"https:\/\/www.ksv-gf.de\/?s={search_term_string}"},"query-input":{"@type":"PropertyValueSpecification","valueRequired":true,"valueName":"search_term_string"}}],"inLanguage":"de"},{"@type":"Organization","@id":"https:\/\/www.ksv-gf.de\/#organization","name":"Kreissch\u00fctzenverband Gifhorn e.V.","url":"https:\/\/www.ksv-gf.de\/","logo":{"@type":"ImageObject","inLanguage":"de","@id":"https:\/\/www.ksv-gf.de\/#\/schema\/logo\/image\/","url":"https:\/\/www.ksv-gf.de\/wp-content\/uploads\/2021\/05\/cropped-WAPPEN-KSV-GIFHORN_NEU.png","contentUrl":"https:\/\/www.ksv-gf.de\/wp-content\/uploads\/2021\/05\/cropped-WAPPEN-KSV-GIFHORN_NEU.png","width":204,"height":250,"caption":"Kreissch\u00fctzenverband Gifhorn e.V."},"image":{"@id":"https:\/\/www.ksv-gf.de\/#\/schema\/logo\/image\/"}},{"@type":"Person","@id":"https:\/\/www.ksv-gf.de\/#\/schema\/person\/ad298515c60f1baa05c4160e8911b879","name":"Klaus-Dieter Oppermann","image":{"@type":"ImageObject","inLanguage":"de","@id":"https:\/\/www.ksv-gf.de\/#\/schema\/person\/image\/","url":"https:\/\/secure.gravatar.com\/avatar\/ffc924b10e7b514dc121f031395016bbfc9a28920c896d84510adfcaec4466c6?s=96&d=mm&r=g","contentUrl":"https:\/\/secure.gravatar.com\/avatar\/ffc924b10e7b514dc121f031395016bbfc9a28920c896d84510adfcaec4466c6?s=96&d=mm&r=g","caption":"Klaus-Dieter Oppermann"},"url":"https:\/\/www.ksv-gf.de\/?author=3"}]}},"jetpack_featured_media_url":"","jetpack_sharing_enabled":true,"publishpress_future_action":{"enabled":false,"date":"2026-05-07 01:33:03","action":"change-status","newStatus":"draft","terms":[],"taxonomy":"category","extraData":[]},"publishpress_future_workflow_manual_trigger":{"enabledWorkflows":[]},"_links":{"self":[{"href":"https:\/\/www.ksv-gf.de\/index.php?rest_route=\/wp\/v2\/posts\/8703","targetHints":{"allow":["GET"]}}],"collection":[{"href":"https:\/\/www.ksv-gf.de\/index.php?rest_route=\/wp\/v2\/posts"}],"about":[{"href":"https:\/\/www.ksv-gf.de\/index.php?rest_route=\/wp\/v2\/types\/post"}],"author":[{"embeddable":true,"href":"https:\/\/www.ksv-gf.de\/index.php?rest_route=\/wp\/v2\/users\/3"}],"replies":[{"embeddable":true,"href":"https:\/\/www.ksv-gf.de\/index.php?rest_route=%2Fwp%2Fv2%2Fcomments&post=8703"}],"version-history":[{"count":19,"href":"https:\/\/www.ksv-gf.de\/index.php?rest_route=\/wp\/v2\/posts\/8703\/revisions"}],"predecessor-version":[{"id":8832,"href":"https:\/\/www.ksv-gf.de\/index.php?rest_route=\/wp\/v2\/posts\/8703\/revisions\/8832"}],"wp:attachment":[{"href":"https:\/\/www.ksv-gf.de\/index.php?rest_route=%2Fwp%2Fv2%2Fmedia&parent=8703"}],"wp:term":[{"taxonomy":"category","embeddable":true,"href":"https:\/\/www.ksv-gf.de\/index.php?rest_route=%2Fwp%2Fv2%2Fcategories&post=8703"},{"taxonomy":"post_tag","embeddable":true,"href":"https:\/\/www.ksv-gf.de\/index.php?rest_route=%2Fwp%2Fv2%2Ftags&post=8703"}],"curies":[{"name":"wp","href":"https:\/\/api.w.org\/{rel}","templated":true}]}}