{"id":7940,"date":"2025-09-13T10:31:00","date_gmt":"2025-09-13T08:31:00","guid":{"rendered":"https:\/\/www.ksv-gf.de\/?p=7940"},"modified":"2025-09-18T09:55:28","modified_gmt":"2025-09-18T07:55:28","slug":"5-medaillen-bei-den-landesverbandsmeisterschaften-im-blasrohrsport","status":"publish","type":"post","link":"https:\/\/www.ksv-gf.de\/?p=7940","title":{"rendered":"5 Medaillen bei den Landesverbandsmeisterschaften im Blasrohrsport"},"content":{"rendered":"\n<p class=\"has-small-font-size\"><strong>Text: Markus Cordes und Klaus-Dieter Stolzenburg, Fotos: privat<\/strong><\/p>\n\n\n\n<p>Vom 05.09. \u2013 07.09. fanden die Landesverbandsmeisterschaften im Blasrohrsport in Einbeck statt. Mehr als 400 Teilnehmende aus ganz Niedersachsen machten sich auf in die Bier- und Fachwerkstadt in S\u00fcdniedersachsen. Darunter knapp 170 Kinder und Jugendliche.<\/p>\n\n\n\n<p>Die Stadionsporthalle in Einbeck bot erstklassige Bedingungen, so dass 43 Sportler parallel an die Scheiben gehen konnten. Motiviert von den guten Rahmenbedingungen konnten die Teilnehmenden des Kreissch\u00fctzenverbandes Gifhorn erneut zeigen, dass sich der Blasrohrsport hier auf einem guten Weg befindet.<\/p>\n\n\n\n<p class=\"has-small-font-size\"><\/p>\n\n\n\n<figure class=\"wp-block-table\"><table class=\"has-fixed-layout\"><tbody><tr><td>\n<figure class=\"wp-block-image size-large\"><img decoding=\"async\" width=\"1024\" height=\"771\" data-src=\"https:\/\/www.ksv-gf.de\/wp-content\/uploads\/2025\/09\/BlasrohrBild1-1024x771.jpg\" alt=\"\" class=\"wp-image-7946 lazyload\" data-srcset=\"https:\/\/www.ksv-gf.de\/wp-content\/uploads\/2025\/09\/BlasrohrBild1-1024x771.jpg 1024w, https:\/\/www.ksv-gf.de\/wp-content\/uploads\/2025\/09\/BlasrohrBild1-300x226.jpg 300w, https:\/\/www.ksv-gf.de\/wp-content\/uploads\/2025\/09\/BlasrohrBild1-768x578.jpg 768w, https:\/\/www.ksv-gf.de\/wp-content\/uploads\/2025\/09\/BlasrohrBild1-1536x1156.jpg 1536w, https:\/\/www.ksv-gf.de\/wp-content\/uploads\/2025\/09\/BlasrohrBild1-350x263.jpg 350w, https:\/\/www.ksv-gf.de\/wp-content\/uploads\/2025\/09\/BlasrohrBild1.jpg 1920w\" data-sizes=\"(max-width: 767px) 89vw, (max-width: 1000px) 54vw, (max-width: 1071px) 543px, 580px\" src=\"data:image\/svg+xml;base64,PHN2ZyB3aWR0aD0iMSIgaGVpZ2h0PSIxIiB4bWxucz0iaHR0cDovL3d3dy53My5vcmcvMjAwMC9zdmciPjwvc3ZnPg==\" style=\"--smush-placeholder-width: 1024px; --smush-placeholder-aspect-ratio: 1024\/771;\" \/><\/figure>\n<\/td>\n<td>\n<figure class=\"wp-block-image size-large\"><img decoding=\"async\" width=\"1024\" height=\"771\" data-src=\"https:\/\/www.ksv-gf.de\/wp-content\/uploads\/2025\/09\/BlasrohrBild2-1024x771.jpg\" alt=\"\" class=\"wp-image-7947 lazyload\" data-srcset=\"https:\/\/www.ksv-gf.de\/wp-content\/uploads\/2025\/09\/BlasrohrBild2-1024x771.jpg 1024w, https:\/\/www.ksv-gf.de\/wp-content\/uploads\/2025\/09\/BlasrohrBild2-300x226.jpg 300w, https:\/\/www.ksv-gf.de\/wp-content\/uploads\/2025\/09\/BlasrohrBild2-768x578.jpg 768w, https:\/\/www.ksv-gf.de\/wp-content\/uploads\/2025\/09\/BlasrohrBild2-1536x1156.jpg 1536w, https:\/\/www.ksv-gf.de\/wp-content\/uploads\/2025\/09\/BlasrohrBild2-350x263.jpg 350w, https:\/\/www.ksv-gf.de\/wp-content\/uploads\/2025\/09\/BlasrohrBild2.jpg 1920w\" data-sizes=\"(max-width: 767px) 89vw, (max-width: 1000px) 54vw, (max-width: 1071px) 543px, 580px\" src=\"data:image\/svg+xml;base64,PHN2ZyB3aWR0aD0iMSIgaGVpZ2h0PSIxIiB4bWxucz0iaHR0cDovL3d3dy53My5vcmcvMjAwMC9zdmciPjwvc3ZnPg==\" style=\"--smush-placeholder-width: 1024px; --smush-placeholder-aspect-ratio: 1024\/771;\" \/><\/figure>\n<\/td><\/tr>\n<tr><td>\n<figure class=\"wp-block-image size-large\"><img decoding=\"async\" width=\"1024\" height=\"1024\" data-src=\"https:\/\/www.ksv-gf.de\/wp-content\/uploads\/2025\/09\/BlasrohrBild3-1024x1024.jpg\" alt=\"\" class=\"wp-image-7948 lazyload\" data-srcset=\"https:\/\/www.ksv-gf.de\/wp-content\/uploads\/2025\/09\/BlasrohrBild3-1024x1024.jpg 1024w, https:\/\/www.ksv-gf.de\/wp-content\/uploads\/2025\/09\/BlasrohrBild3-300x300.jpg 300w, https:\/\/www.ksv-gf.de\/wp-content\/uploads\/2025\/09\/BlasrohrBild3-150x150.jpg 150w, https:\/\/www.ksv-gf.de\/wp-content\/uploads\/2025\/09\/BlasrohrBild3-768x768.jpg 768w, https:\/\/www.ksv-gf.de\/wp-content\/uploads\/2025\/09\/BlasrohrBild3-100x100.jpg 100w, https:\/\/www.ksv-gf.de\/wp-content\/uploads\/2025\/09\/BlasrohrBild3-250x250.jpg 250w, https:\/\/www.ksv-gf.de\/wp-content\/uploads\/2025\/09\/BlasrohrBild3-350x350.jpg 350w, https:\/\/www.ksv-gf.de\/wp-content\/uploads\/2025\/09\/BlasrohrBild3.jpg 1440w\" data-sizes=\"(max-width: 767px) 89vw, (max-width: 1000px) 54vw, (max-width: 1071px) 543px, 580px\" src=\"data:image\/svg+xml;base64,PHN2ZyB3aWR0aD0iMSIgaGVpZ2h0PSIxIiB4bWxucz0iaHR0cDovL3d3dy53My5vcmcvMjAwMC9zdmciPjwvc3ZnPg==\" style=\"--smush-placeholder-width: 1024px; --smush-placeholder-aspect-ratio: 1024\/1024;\" \/><\/figure>\n<\/td>\n<td>\n<figure class=\"wp-block-image size-large\"><img decoding=\"async\" width=\"1024\" height=\"1024\" data-src=\"https:\/\/www.ksv-gf.de\/wp-content\/uploads\/2025\/09\/BlasrohrBild4-1024x1024.jpg\" alt=\"\" class=\"wp-image-7949 lazyload\" data-srcset=\"https:\/\/www.ksv-gf.de\/wp-content\/uploads\/2025\/09\/BlasrohrBild4-1024x1024.jpg 1024w, https:\/\/www.ksv-gf.de\/wp-content\/uploads\/2025\/09\/BlasrohrBild4-300x300.jpg 300w, https:\/\/www.ksv-gf.de\/wp-content\/uploads\/2025\/09\/BlasrohrBild4-150x150.jpg 150w, https:\/\/www.ksv-gf.de\/wp-content\/uploads\/2025\/09\/BlasrohrBild4-768x768.jpg 768w, https:\/\/www.ksv-gf.de\/wp-content\/uploads\/2025\/09\/BlasrohrBild4-100x100.jpg 100w, https:\/\/www.ksv-gf.de\/wp-content\/uploads\/2025\/09\/BlasrohrBild4-250x250.jpg 250w, https:\/\/www.ksv-gf.de\/wp-content\/uploads\/2025\/09\/BlasrohrBild4-350x350.jpg 350w, https:\/\/www.ksv-gf.de\/wp-content\/uploads\/2025\/09\/BlasrohrBild4.jpg 1440w\" data-sizes=\"(max-width: 767px) 89vw, (max-width: 1000px) 54vw, (max-width: 1071px) 543px, 580px\" src=\"data:image\/svg+xml;base64,PHN2ZyB3aWR0aD0iMSIgaGVpZ2h0PSIxIiB4bWxucz0iaHR0cDovL3d3dy53My5vcmcvMjAwMC9zdmciPjwvc3ZnPg==\" style=\"--smush-placeholder-width: 1024px; --smush-placeholder-aspect-ratio: 1024\/1024;\" \/><\/figure>\n<\/td><\/tr><\/tbody><\/table><\/figure>\n\n\n<\/p>\n<p>Leider mussten einige Sportler des KSV Gifhorn, darunter auch 2 Medaillenhoffnungen des KKSV Gravenhorst\/Ohnhorst, ihre Teilnahme kurzfristig krankheitsbedingt absagen. Daf\u00fcr sprangen andere Sportler in die Bresche und konnten insgesamt 5 Medaillen erringen.<\/p>\n<p>\n\n\n<\/p>\n<p>\n\n\n<\/p>\n<p>Am Samstag begaben sich die Erwachsenen an die Scheiben und es gab zweimal Silber!<\/p>\n<p>\n\n\n\n<p>Bei den Damen errang Katja K\u00f6ritzer von der SGes Ribbesb\u00fcttel in der Klasse Damen II mit 565 Ringen den zweiten Platz und somit die Silbermedaille. Ebenfalls die Silbermedaille sicherte sich Bastian Becker von der SSG Gifhorn in der Klasse Herren II mit einem bravour\u00f6sen Ergebnis von 585.<\/p>\n\n\n<\/p>\n<p>\n\n\n<\/p>\n<p>Der Sonntag stand in Einbeck ganz im Zeichen der Kinder und Jugendlichen. Von 09:00 \u2013 15:30 Uhr zeigte der Nachwuchs, dass Blasrohrsport ein Sport mit Zukunft ist.<\/p>\n<p>\n\n\n<\/p>\n<p>\n\n\n<\/p>\n<p>Aus dem Kreisverband Gifhorn konnte in diesem Jahr die Blasrohrgruppe des SV Gru\u00dfendorf ein starkes Ergebnis erzielen und 3 Medaillen mit nach Hause nehmen.<\/p>\n<p>\n\n\n<\/p>\n<p>\n\n\n<\/p>\n<p>Zu Beginn errang Anna-Maria Cordes bei den Sch\u00fclern III weiblich mit 570 Ringen die Silbermedaille. Einen Durchgang sp\u00e4ter trumpfte Leonhard Cordes in der Klasse Sch\u00fcler II m\u00e4nnlich mit 572 Ringen auf und sicherte sich mit 2 Ringen Vorsprung die Goldmedaille.<\/p>\n<p>\n\n\n<\/p>\n<p>\n\n\n<\/p>\n<p>Im dritten Durchgang des Tages konnte Hannah Poweleit f\u00fcr eine kleine \u00dcberraschung sorgen. In der Klasse Sch\u00fcler II weiblich konnte sie sich mit einem bzw. drei Ringen Vorsprung gegen ihre Konkurrenz durchsetzen und holte mit 531 Ringen eine weitere Goldmedaille nach Gru\u00dfendorf.<\/p>\n<p>\n\n\n<\/p>\n<p>\n\n\n<\/p>\n<p>Ergebnisse f\u00fcr den KSV Gifhorn im \u00dcberblick<\/p>\n<p>\n\n\n<\/p>\n<p>\n\n\n<\/p>\n<p>Sch\u00fcler III weiblich<\/p>\n<p>\n\n\n<\/p>\n<p>\n\n\n<\/p>\n<figure class=\"wp-block-table\">\n<table class=\"has-fixed-layout\">\n<tbody>\n<tr>\n<td><strong>2. Platz<\/strong>:<\/td>\n<td>Anna-Maria Cordes<\/td>\n<td>SV Gru\u00dfendorf<\/td>\n<td>570<\/td>\n<\/tr>\n<tr>\n<td>5. Platz:&nbsp;<\/td>\n<td>Charlotte Langer Mena<\/td>\n<td>SV Gru\u00dfendorf<\/td>\n<td>541<\/td>\n<\/tr>\n<tr>\n<td>11. Platz:<\/td>\n<td>Tessa Prinke<\/td>\n<td>SV Gru\u00dfendorf<\/td>\n<td>521<\/td>\n<\/tr>\n<tr>\n<td>13. Platz:<\/td>\n<td>Milla Prinke<\/td>\n<td>SV Gru\u00dfendorf<\/td>\n<td>511<\/td>\n<\/tr>\n<tr>\n<td>15. Platz:<\/td>\n<td>Lea B\u00fcsing<\/td>\n<td>KKSV Gravenhorst\/Ohnhorst<\/td>\n<td>471<\/td>\n<\/tr>\n<tr>\n<td>18. Platz<\/td>\n<td>Ina Bindseil<\/td>\n<td>BSCor Isenb\u00fcttel<\/td>\n<td>460<\/td>\n<\/tr>\n<tr>\n<td><\/td>\n<td><\/td>\n<td><\/td>\n<td><\/td>\n<\/tr>\n<tr>\n<td colspan=\"2\">Sch\u00fcler III m\u00e4nnlich<\/td>\n<td><\/td>\n<td><\/td>\n<\/tr>\n<tr>\n<td>19. Platz:<\/td>\n<td>Sam Rediske<\/td>\n<td>SV Gru\u00dfendorf<\/td>\n<td>466<\/td>\n<\/tr>\n<tr>\n<td><\/td>\n<td><\/td>\n<td><\/td>\n<td><\/td>\n<\/tr>\n<tr>\n<td colspan=\"2\">Sch\u00fcler II weiblich<\/td>\n<td><\/td>\n<td><\/td>\n<\/tr>\n<tr>\n<td><strong>1. Platz<\/strong>:<\/td>\n<td>Hannah Poweleit<\/td>\n<td>SV Gru\u00dfendorf<\/td>\n<td>531<\/td>\n<\/tr>\n<tr>\n<td>11. Platz:<\/td>\n<td>Juna Kamenik<\/td>\n<td>BSCor Isenb\u00fcttel<\/td>\n<td>267<\/td>\n<\/tr>\n<tr>\n<td>12. Platz:<\/td>\n<td>Joana Sacht<\/td>\n<td>BSCor Isenb\u00fcttel<\/td>\n<td>197<\/td>\n<\/tr>\n<tr>\n<td><\/td>\n<td><\/td>\n<td><\/td>\n<td><\/td>\n<\/tr>\n<tr>\n<td colspan=\"2\">Sch\u00fcler II m\u00e4nnlich<\/td>\n<td><\/td>\n<td><\/td>\n<\/tr>\n<tr>\n<td><strong>1. Platz<\/strong>:<\/td>\n<td>Leonhard Cordes<\/td>\n<td>SV Gru\u00dfendorf<\/td>\n<td>572<\/td>\n<\/tr>\n<tr>\n<td>24. Platz:<\/td>\n<td>Jan-Niklas Sacht<\/td>\n<td>BSCor Isenb\u00fcttel<\/td>\n<td>344<\/td>\n<\/tr>\n<tr>\n<td><\/td>\n<td><\/td>\n<td><\/td>\n<td><\/td>\n<\/tr>\n<tr>\n<td>Damen II<\/td>\n<td><\/td>\n<td><\/td>\n<td><\/td>\n<\/tr>\n<tr>\n<td><strong>2. Platz<\/strong><\/td>\n<td>Katja K\u00f6ritzer<\/td>\n<td>SGes Ribbesb\u00fcttel<\/td>\n<td>565<\/td>\n<\/tr>\n<tr>\n<td><\/td>\n<td><\/td>\n<td><\/td>\n<td><\/td>\n<\/tr>\n<tr>\n<td colspan=\"2\">Damen III<\/td>\n<td><\/td>\n<td><\/td>\n<\/tr>\n<tr>\n<td>8. Platz<\/td>\n<td>Annette B\u00f6ckler<\/td>\n<td>SGes Ribbesb\u00fcttel<\/td>\n<td>547<\/td>\n<\/tr>\n<tr>\n<td><\/td>\n<td><\/td>\n<td><\/td>\n<td><\/td>\n<\/tr>\n<tr>\n<td colspan=\"2\">Damen IV<\/td>\n<td><\/td>\n<td><\/td>\n<\/tr>\n<tr>\n<td>7. Platz<\/td>\n<td>Bettina Block<\/td>\n<td>SSG Gifhorn<\/td>\n<td>531<\/td>\n<\/tr>\n<tr>\n<td><\/td>\n<td><\/td>\n<td><\/td>\n<td><\/td>\n<\/tr>\n<tr>\n<td>Herren II<\/td>\n<td><\/td>\n<td><\/td>\n<td><\/td>\n<\/tr>\n<tr>\n<td><strong>2. Platz<\/strong><\/td>\n<td>Bastian Becker<\/td>\n<td>SSG Gifhorn<\/td>\n<td>585<\/td>\n<\/tr>\n<tr>\n<td>10. Platz<\/td>\n<td>Marcus Cordes<\/td>\n<td>SV Gru\u00dfendorf<\/td>\n<td>564<\/td>\n<\/tr>\n<tr>\n<td>25. Platz<\/td>\n<td>Wolfgang Bindseil<\/td>\n<td>BSCor Isenb\u00fcttel<\/td>\n<td>519<\/td>\n<\/tr>\n<tr>\n<td><\/td>\n<td><\/td>\n<td><\/td>\n<td><\/td>\n<\/tr>\n<tr>\n<td>Herren IV<\/td>\n<td><\/td>\n<td><\/td>\n<td><\/td>\n<\/tr>\n<tr>\n<td>15. Platz<\/td>\n<td>Klaus-Dieter Stolzenburg<\/td>\n<td>KKSV Gravenhorst\/Ohnhorst<\/td>\n<td>566<\/td>\n<\/tr>\n<tr>\n<td><\/td>\n<td><\/td>\n<td><\/td>\n<td><\/td>\n<\/tr>\n<tr>\n<td>Herren V<\/td>\n<td><\/td>\n<td><\/td>\n<td><\/td>\n<\/tr>\n<tr>\n<td>6. Platz<\/td>\n<td>Winfried R\u00f6ger<\/td>\n<td>KKSV Gravenhorst\/Ohnhorst<\/td>\n<td>537<\/td>\n<\/tr>\n<\/tbody>\n<\/table>\n<\/figure>\n<p>\n\n\n<\/p>\n<p>\n\n\n<\/p>\n<p>Hinweis:<\/p>\n<p>\n\n\n<\/p>\n<p>\n\n\n<\/p>\n<p>Alle Ergebnisse k\u00f6nnen auf der Internetseite des Nieders\u00e4chsischen Sportsch\u00fctzenverbandes (NSSV) <a href=\"https:\/\/nssv.de\/images\/managed\/Ergebnisse\/Landesverbandsmeisterschaften\/LM_Blasrohr_2025_Gesamtergebnisse.pdf\">LM_Blasrohr_2025_Gesamtergebnisse.pdf<\/a> nachgelesen werden.<\/p>\n<p>\n\n\n<\/p>\n<p>\n\n\n<\/p>\n<p>\n\n\n\n<p><\/p>\n","protected":false},"excerpt":{"rendered":"<p>Text: Markus Cordes und Klaus-Dieter Stolzenburg, Fotos: privat Vom 05.09. \u2013 07.09. fanden die Landesverbandsmeisterschaften im Blasrohrsport in Einbeck statt. Mehr als 400 Teilnehmende aus ganz Niedersachsen machten sich auf &hellip; <\/p>\n<p class=\"link-more\"><a href=\"https:\/\/www.ksv-gf.de\/?p=7940\" class=\"more-link\"><span class=\"screen-reader-text\">\u201e5 Medaillen bei den Landesverbandsmeisterschaften im Blasrohrsport\u201c <\/span>weiterlesen<\/a><\/p>\n","protected":false},"author":3,"featured_media":0,"comment_status":"closed","ping_status":"closed","sticky":false,"template":"","format":"standard","meta":{"_jetpack_memberships_contains_paid_content":false,"footnotes":"[]"},"categories":[96,98,1],"tags":[],"class_list":["post-7940","post","type-post","status-publish","format-standard","hentry","category-blasrohr","category-nssv-wettkaempfe","category-uncategorized"],"yoast_head":"<!-- This site is optimized with the Yoast SEO plugin v27.1.1 - https:\/\/yoast.com\/product\/yoast-seo-wordpress\/ -->\n<title>5 Medaillen bei den Landesverbandsmeisterschaften im Blasrohrsport - KSV Gifhorn<\/title>\n<meta name=\"robots\" content=\"index, follow, max-snippet:-1, max-image-preview:large, max-video-preview:-1\" \/>\n<link rel=\"canonical\" href=\"https:\/\/www.ksv-gf.de\/?p=7940\" \/>\n<meta property=\"og:locale\" content=\"de_DE\" \/>\n<meta property=\"og:type\" content=\"article\" \/>\n<meta property=\"og:title\" content=\"5 Medaillen bei den Landesverbandsmeisterschaften im Blasrohrsport - KSV Gifhorn\" \/>\n<meta property=\"og:description\" content=\"Text: Markus Cordes und Klaus-Dieter Stolzenburg, Fotos: privat Vom 05.09. \u2013 07.09. fanden die Landesverbandsmeisterschaften im Blasrohrsport in Einbeck statt. Mehr als 400 Teilnehmende aus ganz Niedersachsen machten sich auf &hellip; \u201e5 Medaillen bei den Landesverbandsmeisterschaften im Blasrohrsport\u201c weiterlesen\" \/>\n<meta property=\"og:url\" content=\"https:\/\/www.ksv-gf.de\/?p=7940\" \/>\n<meta property=\"og:site_name\" content=\"KSV Gifhorn\" \/>\n<meta property=\"article:published_time\" content=\"2025-09-13T08:31:00+00:00\" \/>\n<meta property=\"article:modified_time\" content=\"2025-09-18T07:55:28+00:00\" \/>\n<meta property=\"og:image\" content=\"https:\/\/www.ksv-gf.de\/wp-content\/uploads\/2025\/09\/BlasrohrBild1.jpg\" \/>\n\t<meta property=\"og:image:width\" content=\"1920\" \/>\n\t<meta property=\"og:image:height\" content=\"1445\" \/>\n\t<meta property=\"og:image:type\" content=\"image\/jpeg\" \/>\n<meta name=\"author\" content=\"Klaus-Dieter Oppermann\" \/>\n<meta name=\"twitter:card\" content=\"summary_large_image\" \/>\n<meta name=\"twitter:label1\" content=\"Verfasst von\" \/>\n\t<meta name=\"twitter:data1\" content=\"Klaus-Dieter Oppermann\" \/>\n\t<meta name=\"twitter:label2\" content=\"Gesch\u00e4tzte Lesezeit\" \/>\n\t<meta name=\"twitter:data2\" content=\"4\u00a0Minuten\" \/>\n<script type=\"application\/ld+json\" class=\"yoast-schema-graph\">{\"@context\":\"https:\/\/schema.org\",\"@graph\":[{\"@type\":\"Article\",\"@id\":\"https:\/\/www.ksv-gf.de\/?p=7940#article\",\"isPartOf\":{\"@id\":\"https:\/\/www.ksv-gf.de\/?p=7940\"},\"author\":{\"name\":\"Klaus-Dieter Oppermann\",\"@id\":\"https:\/\/www.ksv-gf.de\/#\/schema\/person\/ad298515c60f1baa05c4160e8911b879\"},\"headline\":\"5 Medaillen bei den Landesverbandsmeisterschaften im Blasrohrsport\",\"datePublished\":\"2025-09-13T08:31:00+00:00\",\"dateModified\":\"2025-09-18T07:55:28+00:00\",\"mainEntityOfPage\":{\"@id\":\"https:\/\/www.ksv-gf.de\/?p=7940\"},\"wordCount\":494,\"publisher\":{\"@id\":\"https:\/\/www.ksv-gf.de\/#organization\"},\"image\":{\"@id\":\"https:\/\/www.ksv-gf.de\/?p=7940#primaryimage\"},\"thumbnailUrl\":\"https:\/\/www.ksv-gf.de\/wp-content\/uploads\/2025\/09\/BlasrohrBild1-1024x771.jpg\",\"articleSection\":[\"Blasrohr\",\"NSSV-Wettk\u00e4mpfe\",\"Uncategorized\"],\"inLanguage\":\"de\"},{\"@type\":\"WebPage\",\"@id\":\"https:\/\/www.ksv-gf.de\/?p=7940\",\"url\":\"https:\/\/www.ksv-gf.de\/?p=7940\",\"name\":\"5 Medaillen bei den Landesverbandsmeisterschaften im Blasrohrsport - KSV Gifhorn\",\"isPartOf\":{\"@id\":\"https:\/\/www.ksv-gf.de\/#website\"},\"primaryImageOfPage\":{\"@id\":\"https:\/\/www.ksv-gf.de\/?p=7940#primaryimage\"},\"image\":{\"@id\":\"https:\/\/www.ksv-gf.de\/?p=7940#primaryimage\"},\"thumbnailUrl\":\"https:\/\/www.ksv-gf.de\/wp-content\/uploads\/2025\/09\/BlasrohrBild1-1024x771.jpg\",\"datePublished\":\"2025-09-13T08:31:00+00:00\",\"dateModified\":\"2025-09-18T07:55:28+00:00\",\"breadcrumb\":{\"@id\":\"https:\/\/www.ksv-gf.de\/?p=7940#breadcrumb\"},\"inLanguage\":\"de\",\"potentialAction\":[{\"@type\":\"ReadAction\",\"target\":[\"https:\/\/www.ksv-gf.de\/?p=7940\"]}]},{\"@type\":\"ImageObject\",\"inLanguage\":\"de\",\"@id\":\"https:\/\/www.ksv-gf.de\/?p=7940#primaryimage\",\"url\":\"https:\/\/www.ksv-gf.de\/wp-content\/uploads\/2025\/09\/BlasrohrBild1.jpg\",\"contentUrl\":\"https:\/\/www.ksv-gf.de\/wp-content\/uploads\/2025\/09\/BlasrohrBild1.jpg\",\"width\":1920,\"height\":1445},{\"@type\":\"BreadcrumbList\",\"@id\":\"https:\/\/www.ksv-gf.de\/?p=7940#breadcrumb\",\"itemListElement\":[{\"@type\":\"ListItem\",\"position\":1,\"name\":\"Startseite\",\"item\":\"https:\/\/www.ksv-gf.de\/\"},{\"@type\":\"ListItem\",\"position\":2,\"name\":\"5 Medaillen bei den Landesverbandsmeisterschaften im Blasrohrsport\"}]},{\"@type\":\"WebSite\",\"@id\":\"https:\/\/www.ksv-gf.de\/#website\",\"url\":\"https:\/\/www.ksv-gf.de\/\",\"name\":\"KSV Gifhorn\",\"description\":\"\",\"publisher\":{\"@id\":\"https:\/\/www.ksv-gf.de\/#organization\"},\"potentialAction\":[{\"@type\":\"SearchAction\",\"target\":{\"@type\":\"EntryPoint\",\"urlTemplate\":\"https:\/\/www.ksv-gf.de\/?s={search_term_string}\"},\"query-input\":{\"@type\":\"PropertyValueSpecification\",\"valueRequired\":true,\"valueName\":\"search_term_string\"}}],\"inLanguage\":\"de\"},{\"@type\":\"Organization\",\"@id\":\"https:\/\/www.ksv-gf.de\/#organization\",\"name\":\"Kreissch\u00fctzenverband Gifhorn e.V.\",\"url\":\"https:\/\/www.ksv-gf.de\/\",\"logo\":{\"@type\":\"ImageObject\",\"inLanguage\":\"de\",\"@id\":\"https:\/\/www.ksv-gf.de\/#\/schema\/logo\/image\/\",\"url\":\"https:\/\/www.ksv-gf.de\/wp-content\/uploads\/2021\/05\/cropped-WAPPEN-KSV-GIFHORN_NEU.png\",\"contentUrl\":\"https:\/\/www.ksv-gf.de\/wp-content\/uploads\/2021\/05\/cropped-WAPPEN-KSV-GIFHORN_NEU.png\",\"width\":204,\"height\":250,\"caption\":\"Kreissch\u00fctzenverband Gifhorn e.V.\"},\"image\":{\"@id\":\"https:\/\/www.ksv-gf.de\/#\/schema\/logo\/image\/\"}},{\"@type\":\"Person\",\"@id\":\"https:\/\/www.ksv-gf.de\/#\/schema\/person\/ad298515c60f1baa05c4160e8911b879\",\"name\":\"Klaus-Dieter Oppermann\",\"image\":{\"@type\":\"ImageObject\",\"inLanguage\":\"de\",\"@id\":\"https:\/\/www.ksv-gf.de\/#\/schema\/person\/image\/\",\"url\":\"https:\/\/secure.gravatar.com\/avatar\/ffc924b10e7b514dc121f031395016bbfc9a28920c896d84510adfcaec4466c6?s=96&d=mm&r=g\",\"contentUrl\":\"https:\/\/secure.gravatar.com\/avatar\/ffc924b10e7b514dc121f031395016bbfc9a28920c896d84510adfcaec4466c6?s=96&d=mm&r=g\",\"caption\":\"Klaus-Dieter Oppermann\"},\"url\":\"https:\/\/www.ksv-gf.de\/?author=3\"}]}<\/script>\n<!-- \/ Yoast SEO plugin. -->","yoast_head_json":{"title":"5 Medaillen bei den Landesverbandsmeisterschaften im Blasrohrsport - KSV Gifhorn","robots":{"index":"index","follow":"follow","max-snippet":"max-snippet:-1","max-image-preview":"max-image-preview:large","max-video-preview":"max-video-preview:-1"},"canonical":"https:\/\/www.ksv-gf.de\/?p=7940","og_locale":"de_DE","og_type":"article","og_title":"5 Medaillen bei den Landesverbandsmeisterschaften im Blasrohrsport - KSV Gifhorn","og_description":"Text: Markus Cordes und Klaus-Dieter Stolzenburg, Fotos: privat Vom 05.09. \u2013 07.09. fanden die Landesverbandsmeisterschaften im Blasrohrsport in Einbeck statt. Mehr als 400 Teilnehmende aus ganz Niedersachsen machten sich auf &hellip; \u201e5 Medaillen bei den Landesverbandsmeisterschaften im Blasrohrsport\u201c weiterlesen","og_url":"https:\/\/www.ksv-gf.de\/?p=7940","og_site_name":"KSV Gifhorn","article_published_time":"2025-09-13T08:31:00+00:00","article_modified_time":"2025-09-18T07:55:28+00:00","og_image":[{"width":1920,"height":1445,"url":"https:\/\/www.ksv-gf.de\/wp-content\/uploads\/2025\/09\/BlasrohrBild1.jpg","type":"image\/jpeg"}],"author":"Klaus-Dieter Oppermann","twitter_card":"summary_large_image","twitter_misc":{"Verfasst von":"Klaus-Dieter Oppermann","Gesch\u00e4tzte Lesezeit":"4\u00a0Minuten"},"schema":{"@context":"https:\/\/schema.org","@graph":[{"@type":"Article","@id":"https:\/\/www.ksv-gf.de\/?p=7940#article","isPartOf":{"@id":"https:\/\/www.ksv-gf.de\/?p=7940"},"author":{"name":"Klaus-Dieter Oppermann","@id":"https:\/\/www.ksv-gf.de\/#\/schema\/person\/ad298515c60f1baa05c4160e8911b879"},"headline":"5 Medaillen bei den Landesverbandsmeisterschaften im Blasrohrsport","datePublished":"2025-09-13T08:31:00+00:00","dateModified":"2025-09-18T07:55:28+00:00","mainEntityOfPage":{"@id":"https:\/\/www.ksv-gf.de\/?p=7940"},"wordCount":494,"publisher":{"@id":"https:\/\/www.ksv-gf.de\/#organization"},"image":{"@id":"https:\/\/www.ksv-gf.de\/?p=7940#primaryimage"},"thumbnailUrl":"https:\/\/www.ksv-gf.de\/wp-content\/uploads\/2025\/09\/BlasrohrBild1-1024x771.jpg","articleSection":["Blasrohr","NSSV-Wettk\u00e4mpfe","Uncategorized"],"inLanguage":"de"},{"@type":"WebPage","@id":"https:\/\/www.ksv-gf.de\/?p=7940","url":"https:\/\/www.ksv-gf.de\/?p=7940","name":"5 Medaillen bei den Landesverbandsmeisterschaften im Blasrohrsport - KSV Gifhorn","isPartOf":{"@id":"https:\/\/www.ksv-gf.de\/#website"},"primaryImageOfPage":{"@id":"https:\/\/www.ksv-gf.de\/?p=7940#primaryimage"},"image":{"@id":"https:\/\/www.ksv-gf.de\/?p=7940#primaryimage"},"thumbnailUrl":"https:\/\/www.ksv-gf.de\/wp-content\/uploads\/2025\/09\/BlasrohrBild1-1024x771.jpg","datePublished":"2025-09-13T08:31:00+00:00","dateModified":"2025-09-18T07:55:28+00:00","breadcrumb":{"@id":"https:\/\/www.ksv-gf.de\/?p=7940#breadcrumb"},"inLanguage":"de","potentialAction":[{"@type":"ReadAction","target":["https:\/\/www.ksv-gf.de\/?p=7940"]}]},{"@type":"ImageObject","inLanguage":"de","@id":"https:\/\/www.ksv-gf.de\/?p=7940#primaryimage","url":"https:\/\/www.ksv-gf.de\/wp-content\/uploads\/2025\/09\/BlasrohrBild1.jpg","contentUrl":"https:\/\/www.ksv-gf.de\/wp-content\/uploads\/2025\/09\/BlasrohrBild1.jpg","width":1920,"height":1445},{"@type":"BreadcrumbList","@id":"https:\/\/www.ksv-gf.de\/?p=7940#breadcrumb","itemListElement":[{"@type":"ListItem","position":1,"name":"Startseite","item":"https:\/\/www.ksv-gf.de\/"},{"@type":"ListItem","position":2,"name":"5 Medaillen bei den Landesverbandsmeisterschaften im Blasrohrsport"}]},{"@type":"WebSite","@id":"https:\/\/www.ksv-gf.de\/#website","url":"https:\/\/www.ksv-gf.de\/","name":"KSV Gifhorn","description":"","publisher":{"@id":"https:\/\/www.ksv-gf.de\/#organization"},"potentialAction":[{"@type":"SearchAction","target":{"@type":"EntryPoint","urlTemplate":"https:\/\/www.ksv-gf.de\/?s={search_term_string}"},"query-input":{"@type":"PropertyValueSpecification","valueRequired":true,"valueName":"search_term_string"}}],"inLanguage":"de"},{"@type":"Organization","@id":"https:\/\/www.ksv-gf.de\/#organization","name":"Kreissch\u00fctzenverband Gifhorn e.V.","url":"https:\/\/www.ksv-gf.de\/","logo":{"@type":"ImageObject","inLanguage":"de","@id":"https:\/\/www.ksv-gf.de\/#\/schema\/logo\/image\/","url":"https:\/\/www.ksv-gf.de\/wp-content\/uploads\/2021\/05\/cropped-WAPPEN-KSV-GIFHORN_NEU.png","contentUrl":"https:\/\/www.ksv-gf.de\/wp-content\/uploads\/2021\/05\/cropped-WAPPEN-KSV-GIFHORN_NEU.png","width":204,"height":250,"caption":"Kreissch\u00fctzenverband Gifhorn e.V."},"image":{"@id":"https:\/\/www.ksv-gf.de\/#\/schema\/logo\/image\/"}},{"@type":"Person","@id":"https:\/\/www.ksv-gf.de\/#\/schema\/person\/ad298515c60f1baa05c4160e8911b879","name":"Klaus-Dieter Oppermann","image":{"@type":"ImageObject","inLanguage":"de","@id":"https:\/\/www.ksv-gf.de\/#\/schema\/person\/image\/","url":"https:\/\/secure.gravatar.com\/avatar\/ffc924b10e7b514dc121f031395016bbfc9a28920c896d84510adfcaec4466c6?s=96&d=mm&r=g","contentUrl":"https:\/\/secure.gravatar.com\/avatar\/ffc924b10e7b514dc121f031395016bbfc9a28920c896d84510adfcaec4466c6?s=96&d=mm&r=g","caption":"Klaus-Dieter Oppermann"},"url":"https:\/\/www.ksv-gf.de\/?author=3"}]}},"jetpack_featured_media_url":"","jetpack_sharing_enabled":true,"publishpress_future_action":{"enabled":false,"date":"2026-05-05 03:38:43","action":"change-status","newStatus":"draft","terms":[],"taxonomy":"category","extraData":[]},"publishpress_future_workflow_manual_trigger":{"enabledWorkflows":[]},"_links":{"self":[{"href":"https:\/\/www.ksv-gf.de\/index.php?rest_route=\/wp\/v2\/posts\/7940","targetHints":{"allow":["GET"]}}],"collection":[{"href":"https:\/\/www.ksv-gf.de\/index.php?rest_route=\/wp\/v2\/posts"}],"about":[{"href":"https:\/\/www.ksv-gf.de\/index.php?rest_route=\/wp\/v2\/types\/post"}],"author":[{"embeddable":true,"href":"https:\/\/www.ksv-gf.de\/index.php?rest_route=\/wp\/v2\/users\/3"}],"replies":[{"embeddable":true,"href":"https:\/\/www.ksv-gf.de\/index.php?rest_route=%2Fwp%2Fv2%2Fcomments&post=7940"}],"version-history":[{"count":28,"href":"https:\/\/www.ksv-gf.de\/index.php?rest_route=\/wp\/v2\/posts\/7940\/revisions"}],"predecessor-version":[{"id":7991,"href":"https:\/\/www.ksv-gf.de\/index.php?rest_route=\/wp\/v2\/posts\/7940\/revisions\/7991"}],"wp:attachment":[{"href":"https:\/\/www.ksv-gf.de\/index.php?rest_route=%2Fwp%2Fv2%2Fmedia&parent=7940"}],"wp:term":[{"taxonomy":"category","embeddable":true,"href":"https:\/\/www.ksv-gf.de\/index.php?rest_route=%2Fwp%2Fv2%2Fcategories&post=7940"},{"taxonomy":"post_tag","embeddable":true,"href":"https:\/\/www.ksv-gf.de\/index.php?rest_route=%2Fwp%2Fv2%2Ftags&post=7940"}],"curies":[{"name":"wp","href":"https:\/\/api.w.org\/{rel}","templated":true}]}}