{"id":7932,"date":"2025-09-13T10:13:30","date_gmt":"2025-09-13T08:13:30","guid":{"rendered":"https:\/\/www.ksv-gf.de\/?p=7932"},"modified":"2025-09-13T12:40:29","modified_gmt":"2025-09-13T10:40:29","slug":"deutsche-meisterschaften-bogen-wa-im-freien","status":"publish","type":"post","link":"https:\/\/www.ksv-gf.de\/?p=7932","title":{"rendered":"Deutsche Meisterschaften Bogen WA im Freien"},"content":{"rendered":"\n<p><strong>Merle Edlich ist Vizemeisterin Recurve Jugend<\/strong><\/p>\n\n\n\n<p class=\"has-small-font-size\"><strong>Text: Lothar Michels, Foto: privat<\/strong><\/p>\n\n\n\n<p>Der Deutsche Sch\u00fctzenbund hatte vom 05. bis 07. September zu den Deutschen Meisterschaften Bogen im Freien eingeladen. 620 Sch\u00fctzinnen und Sch\u00fctzen waren der Einladung gefolgt, um einen der 27 Titel mit dem Recurve-, Compound- oder Blankbogen zu erringen. An den Start gingen alle Altersklassen von Sch\u00fcler A m\u00e4nnlich\/weiblich bis Senioren\/Seniorinnen.<\/p>\n\n\n\n<div class=\"wp-block-media-text is-stacked-on-mobile is-vertically-aligned-top\"><figure class=\"wp-block-media-text__media\"><img decoding=\"async\" width=\"228\" height=\"439\" data-src=\"https:\/\/www.ksv-gf.de\/wp-content\/uploads\/2025\/09\/MerleEdlich.jpg\" alt=\"\" class=\"wp-image-7935 size-full lazyload\" data-srcset=\"https:\/\/www.ksv-gf.de\/wp-content\/uploads\/2025\/09\/MerleEdlich.jpg 228w, https:\/\/www.ksv-gf.de\/wp-content\/uploads\/2025\/09\/MerleEdlich-156x300.jpg 156w\" data-sizes=\"(max-width: 228px) 100vw, 228px\" src=\"data:image\/svg+xml;base64,PHN2ZyB3aWR0aD0iMSIgaGVpZ2h0PSIxIiB4bWxucz0iaHR0cDovL3d3dy53My5vcmcvMjAwMC9zdmciPjwvc3ZnPg==\" style=\"--smush-placeholder-width: 228px; --smush-placeholder-aspect-ratio: 228\/439;\" \/><\/figure><div class=\"wp-block-media-text__content\">\n<p>Aus dem Kreissch\u00fctzenverband Gifhorn waren Merle und Linnea Edlich von der Sch\u00fctzengesellschaft Hillerse mit dem olympischen Recurvebogen angereist.<br>Linnea startete in der Sch\u00fclerklasse A weiblich. Sie blieb unter ihren M\u00f6glichkeiten und belegte mit guten 644 Ringen den 9. Platz.<br>Merle trat in der weiblichen Jugend mehrfach an die Schie\u00dflinie. Zun\u00e4chst sicherte sie sich mit Platz sieben in der Qualifikationsrunde die Teilnahme am 1\/8 Finale. <br><\/p>\n\n\n\n<p><\/p>\n<\/div><\/div>\n\n\n\n<p class=\"has-small-font-size\"><strong>Merle mit ihrer Medaille<\/strong><\/p>\n\n\n\n<p>Sie gewann ihr Match mit 6:4 Satzpunkten und erreichte das 1\/4 Finale. <\/p>\n\n\n\n<p>Hier stand es nach einem spannenden und abwechslungsreichen Wettstreit 5:5 und ein Stechen mit jeweils nur einem Pfeil musste die Entscheidung bringen. Merle behielt die Nerven und gewann 10:9.<\/p>\n\n\n\n<p>Das Halbfinale ist bestimmend f\u00fcr die Teilnahme am Bronze- oder Goldfinale. Mit einem 7:1 zog Merle in das Goldfinale ein. Auch hier gab es einen st\u00e4ndigen Wechsel der Finalistinnen zwischen F\u00fchrung und Ausgleich. Nach vier Passen hatte jede Sch\u00fctzin vier Satzpunkte auf ihrem Konto. Es wurde noch spannender. Die f\u00fcnfte Passe konnte die Entscheidung bringen oder ein Stechen erfordern, sollte es ein Unentschieden geben. Merle musste sich schlie\u00dflich mit 27:28 der neuen Deutschen Meisterin Lea Fischer, SV Erfurt-West e.V., geschlagen geben und konnte sich \u00fcber ihre zweite Vizemeisterschaft freuen.<\/p>\n\n\n\n<p><\/p>\n","protected":false},"excerpt":{"rendered":"<p>Merle Edlich ist Vizemeisterin Recurve Jugend Text: Lothar Michels, Foto: privat Der Deutsche Sch\u00fctzenbund hatte vom 05. bis 07. September zu den Deutschen Meisterschaften Bogen im Freien eingeladen. 620 Sch\u00fctzinnen &hellip; <\/p>\n<p class=\"link-more\"><a href=\"https:\/\/www.ksv-gf.de\/?p=7932\" class=\"more-link\"><span class=\"screen-reader-text\">\u201eDeutsche Meisterschaften Bogen WA im Freien\u201c <\/span>weiterlesen<\/a><\/p>\n","protected":false},"author":3,"featured_media":0,"comment_status":"closed","ping_status":"closed","sticky":false,"template":"","format":"standard","meta":{"_jetpack_memberships_contains_paid_content":false,"footnotes":""},"categories":[62,84,1],"tags":[],"class_list":["post-7932","post","type-post","status-publish","format-standard","hentry","category-bogen","category-deutschemeisterschaft","category-uncategorized"],"yoast_head":"<!-- This site is optimized with the Yoast SEO plugin v27.1.1 - https:\/\/yoast.com\/product\/yoast-seo-wordpress\/ -->\n<title>Deutsche Meisterschaften Bogen WA im Freien - KSV Gifhorn<\/title>\n<meta name=\"robots\" content=\"index, follow, max-snippet:-1, max-image-preview:large, max-video-preview:-1\" \/>\n<link rel=\"canonical\" href=\"https:\/\/www.ksv-gf.de\/?p=7932\" \/>\n<meta property=\"og:locale\" content=\"de_DE\" \/>\n<meta property=\"og:type\" content=\"article\" \/>\n<meta property=\"og:title\" content=\"Deutsche Meisterschaften Bogen WA im Freien - KSV Gifhorn\" \/>\n<meta property=\"og:description\" content=\"Merle Edlich ist Vizemeisterin Recurve Jugend Text: Lothar Michels, Foto: privat Der Deutsche Sch\u00fctzenbund hatte vom 05. bis 07. September zu den Deutschen Meisterschaften Bogen im Freien eingeladen. 620 Sch\u00fctzinnen &hellip; \u201eDeutsche Meisterschaften Bogen WA im Freien\u201c weiterlesen\" \/>\n<meta property=\"og:url\" content=\"https:\/\/www.ksv-gf.de\/?p=7932\" \/>\n<meta property=\"og:site_name\" content=\"KSV Gifhorn\" \/>\n<meta property=\"article:published_time\" content=\"2025-09-13T08:13:30+00:00\" \/>\n<meta property=\"article:modified_time\" content=\"2025-09-13T10:40:29+00:00\" \/>\n<meta property=\"og:image\" content=\"https:\/\/www.ksv-gf.de\/wp-content\/uploads\/2025\/09\/MerleEdlich.jpg\" \/>\n\t<meta property=\"og:image:width\" content=\"228\" \/>\n\t<meta property=\"og:image:height\" content=\"439\" \/>\n\t<meta property=\"og:image:type\" content=\"image\/jpeg\" \/>\n<meta name=\"author\" content=\"Klaus-Dieter Oppermann\" \/>\n<meta name=\"twitter:card\" content=\"summary_large_image\" \/>\n<meta name=\"twitter:label1\" content=\"Verfasst von\" \/>\n\t<meta name=\"twitter:data1\" content=\"Klaus-Dieter Oppermann\" \/>\n\t<meta name=\"twitter:label2\" content=\"Gesch\u00e4tzte Lesezeit\" \/>\n\t<meta name=\"twitter:data2\" content=\"2\u00a0Minuten\" \/>\n<script type=\"application\/ld+json\" class=\"yoast-schema-graph\">{\"@context\":\"https:\/\/schema.org\",\"@graph\":[{\"@type\":\"Article\",\"@id\":\"https:\/\/www.ksv-gf.de\/?p=7932#article\",\"isPartOf\":{\"@id\":\"https:\/\/www.ksv-gf.de\/?p=7932\"},\"author\":{\"name\":\"Klaus-Dieter Oppermann\",\"@id\":\"https:\/\/www.ksv-gf.de\/#\/schema\/person\/ad298515c60f1baa05c4160e8911b879\"},\"headline\":\"Deutsche Meisterschaften Bogen WA im Freien\",\"datePublished\":\"2025-09-13T08:13:30+00:00\",\"dateModified\":\"2025-09-13T10:40:29+00:00\",\"mainEntityOfPage\":{\"@id\":\"https:\/\/www.ksv-gf.de\/?p=7932\"},\"wordCount\":272,\"publisher\":{\"@id\":\"https:\/\/www.ksv-gf.de\/#organization\"},\"image\":{\"@id\":\"https:\/\/www.ksv-gf.de\/?p=7932#primaryimage\"},\"thumbnailUrl\":\"https:\/\/www.ksv-gf.de\/wp-content\/uploads\/2025\/09\/MerleEdlich.jpg\",\"articleSection\":[\"Bogen\",\"Deutschemeisterschaft\",\"Uncategorized\"],\"inLanguage\":\"de\"},{\"@type\":\"WebPage\",\"@id\":\"https:\/\/www.ksv-gf.de\/?p=7932\",\"url\":\"https:\/\/www.ksv-gf.de\/?p=7932\",\"name\":\"Deutsche Meisterschaften Bogen WA im Freien - KSV Gifhorn\",\"isPartOf\":{\"@id\":\"https:\/\/www.ksv-gf.de\/#website\"},\"primaryImageOfPage\":{\"@id\":\"https:\/\/www.ksv-gf.de\/?p=7932#primaryimage\"},\"image\":{\"@id\":\"https:\/\/www.ksv-gf.de\/?p=7932#primaryimage\"},\"thumbnailUrl\":\"https:\/\/www.ksv-gf.de\/wp-content\/uploads\/2025\/09\/MerleEdlich.jpg\",\"datePublished\":\"2025-09-13T08:13:30+00:00\",\"dateModified\":\"2025-09-13T10:40:29+00:00\",\"breadcrumb\":{\"@id\":\"https:\/\/www.ksv-gf.de\/?p=7932#breadcrumb\"},\"inLanguage\":\"de\",\"potentialAction\":[{\"@type\":\"ReadAction\",\"target\":[\"https:\/\/www.ksv-gf.de\/?p=7932\"]}]},{\"@type\":\"ImageObject\",\"inLanguage\":\"de\",\"@id\":\"https:\/\/www.ksv-gf.de\/?p=7932#primaryimage\",\"url\":\"https:\/\/www.ksv-gf.de\/wp-content\/uploads\/2025\/09\/MerleEdlich.jpg\",\"contentUrl\":\"https:\/\/www.ksv-gf.de\/wp-content\/uploads\/2025\/09\/MerleEdlich.jpg\",\"width\":228,\"height\":439},{\"@type\":\"BreadcrumbList\",\"@id\":\"https:\/\/www.ksv-gf.de\/?p=7932#breadcrumb\",\"itemListElement\":[{\"@type\":\"ListItem\",\"position\":1,\"name\":\"Startseite\",\"item\":\"https:\/\/www.ksv-gf.de\/\"},{\"@type\":\"ListItem\",\"position\":2,\"name\":\"Deutsche Meisterschaften Bogen WA im Freien\"}]},{\"@type\":\"WebSite\",\"@id\":\"https:\/\/www.ksv-gf.de\/#website\",\"url\":\"https:\/\/www.ksv-gf.de\/\",\"name\":\"KSV Gifhorn\",\"description\":\"\",\"publisher\":{\"@id\":\"https:\/\/www.ksv-gf.de\/#organization\"},\"potentialAction\":[{\"@type\":\"SearchAction\",\"target\":{\"@type\":\"EntryPoint\",\"urlTemplate\":\"https:\/\/www.ksv-gf.de\/?s={search_term_string}\"},\"query-input\":{\"@type\":\"PropertyValueSpecification\",\"valueRequired\":true,\"valueName\":\"search_term_string\"}}],\"inLanguage\":\"de\"},{\"@type\":\"Organization\",\"@id\":\"https:\/\/www.ksv-gf.de\/#organization\",\"name\":\"Kreissch\u00fctzenverband Gifhorn e.V.\",\"url\":\"https:\/\/www.ksv-gf.de\/\",\"logo\":{\"@type\":\"ImageObject\",\"inLanguage\":\"de\",\"@id\":\"https:\/\/www.ksv-gf.de\/#\/schema\/logo\/image\/\",\"url\":\"https:\/\/www.ksv-gf.de\/wp-content\/uploads\/2021\/05\/cropped-WAPPEN-KSV-GIFHORN_NEU.png\",\"contentUrl\":\"https:\/\/www.ksv-gf.de\/wp-content\/uploads\/2021\/05\/cropped-WAPPEN-KSV-GIFHORN_NEU.png\",\"width\":204,\"height\":250,\"caption\":\"Kreissch\u00fctzenverband Gifhorn e.V.\"},\"image\":{\"@id\":\"https:\/\/www.ksv-gf.de\/#\/schema\/logo\/image\/\"}},{\"@type\":\"Person\",\"@id\":\"https:\/\/www.ksv-gf.de\/#\/schema\/person\/ad298515c60f1baa05c4160e8911b879\",\"name\":\"Klaus-Dieter Oppermann\",\"image\":{\"@type\":\"ImageObject\",\"inLanguage\":\"de\",\"@id\":\"https:\/\/www.ksv-gf.de\/#\/schema\/person\/image\/\",\"url\":\"https:\/\/secure.gravatar.com\/avatar\/ffc924b10e7b514dc121f031395016bbfc9a28920c896d84510adfcaec4466c6?s=96&d=mm&r=g\",\"contentUrl\":\"https:\/\/secure.gravatar.com\/avatar\/ffc924b10e7b514dc121f031395016bbfc9a28920c896d84510adfcaec4466c6?s=96&d=mm&r=g\",\"caption\":\"Klaus-Dieter Oppermann\"},\"url\":\"https:\/\/www.ksv-gf.de\/?author=3\"}]}<\/script>\n<!-- \/ Yoast SEO plugin. -->","yoast_head_json":{"title":"Deutsche Meisterschaften Bogen WA im Freien - KSV Gifhorn","robots":{"index":"index","follow":"follow","max-snippet":"max-snippet:-1","max-image-preview":"max-image-preview:large","max-video-preview":"max-video-preview:-1"},"canonical":"https:\/\/www.ksv-gf.de\/?p=7932","og_locale":"de_DE","og_type":"article","og_title":"Deutsche Meisterschaften Bogen WA im Freien - KSV Gifhorn","og_description":"Merle Edlich ist Vizemeisterin Recurve Jugend Text: Lothar Michels, Foto: privat Der Deutsche Sch\u00fctzenbund hatte vom 05. bis 07. September zu den Deutschen Meisterschaften Bogen im Freien eingeladen. 620 Sch\u00fctzinnen &hellip; \u201eDeutsche Meisterschaften Bogen WA im Freien\u201c weiterlesen","og_url":"https:\/\/www.ksv-gf.de\/?p=7932","og_site_name":"KSV Gifhorn","article_published_time":"2025-09-13T08:13:30+00:00","article_modified_time":"2025-09-13T10:40:29+00:00","og_image":[{"width":228,"height":439,"url":"https:\/\/www.ksv-gf.de\/wp-content\/uploads\/2025\/09\/MerleEdlich.jpg","type":"image\/jpeg"}],"author":"Klaus-Dieter Oppermann","twitter_card":"summary_large_image","twitter_misc":{"Verfasst von":"Klaus-Dieter Oppermann","Gesch\u00e4tzte Lesezeit":"2\u00a0Minuten"},"schema":{"@context":"https:\/\/schema.org","@graph":[{"@type":"Article","@id":"https:\/\/www.ksv-gf.de\/?p=7932#article","isPartOf":{"@id":"https:\/\/www.ksv-gf.de\/?p=7932"},"author":{"name":"Klaus-Dieter Oppermann","@id":"https:\/\/www.ksv-gf.de\/#\/schema\/person\/ad298515c60f1baa05c4160e8911b879"},"headline":"Deutsche Meisterschaften Bogen WA im Freien","datePublished":"2025-09-13T08:13:30+00:00","dateModified":"2025-09-13T10:40:29+00:00","mainEntityOfPage":{"@id":"https:\/\/www.ksv-gf.de\/?p=7932"},"wordCount":272,"publisher":{"@id":"https:\/\/www.ksv-gf.de\/#organization"},"image":{"@id":"https:\/\/www.ksv-gf.de\/?p=7932#primaryimage"},"thumbnailUrl":"https:\/\/www.ksv-gf.de\/wp-content\/uploads\/2025\/09\/MerleEdlich.jpg","articleSection":["Bogen","Deutschemeisterschaft","Uncategorized"],"inLanguage":"de"},{"@type":"WebPage","@id":"https:\/\/www.ksv-gf.de\/?p=7932","url":"https:\/\/www.ksv-gf.de\/?p=7932","name":"Deutsche Meisterschaften Bogen WA im Freien - KSV Gifhorn","isPartOf":{"@id":"https:\/\/www.ksv-gf.de\/#website"},"primaryImageOfPage":{"@id":"https:\/\/www.ksv-gf.de\/?p=7932#primaryimage"},"image":{"@id":"https:\/\/www.ksv-gf.de\/?p=7932#primaryimage"},"thumbnailUrl":"https:\/\/www.ksv-gf.de\/wp-content\/uploads\/2025\/09\/MerleEdlich.jpg","datePublished":"2025-09-13T08:13:30+00:00","dateModified":"2025-09-13T10:40:29+00:00","breadcrumb":{"@id":"https:\/\/www.ksv-gf.de\/?p=7932#breadcrumb"},"inLanguage":"de","potentialAction":[{"@type":"ReadAction","target":["https:\/\/www.ksv-gf.de\/?p=7932"]}]},{"@type":"ImageObject","inLanguage":"de","@id":"https:\/\/www.ksv-gf.de\/?p=7932#primaryimage","url":"https:\/\/www.ksv-gf.de\/wp-content\/uploads\/2025\/09\/MerleEdlich.jpg","contentUrl":"https:\/\/www.ksv-gf.de\/wp-content\/uploads\/2025\/09\/MerleEdlich.jpg","width":228,"height":439},{"@type":"BreadcrumbList","@id":"https:\/\/www.ksv-gf.de\/?p=7932#breadcrumb","itemListElement":[{"@type":"ListItem","position":1,"name":"Startseite","item":"https:\/\/www.ksv-gf.de\/"},{"@type":"ListItem","position":2,"name":"Deutsche Meisterschaften Bogen WA im Freien"}]},{"@type":"WebSite","@id":"https:\/\/www.ksv-gf.de\/#website","url":"https:\/\/www.ksv-gf.de\/","name":"KSV Gifhorn","description":"","publisher":{"@id":"https:\/\/www.ksv-gf.de\/#organization"},"potentialAction":[{"@type":"SearchAction","target":{"@type":"EntryPoint","urlTemplate":"https:\/\/www.ksv-gf.de\/?s={search_term_string}"},"query-input":{"@type":"PropertyValueSpecification","valueRequired":true,"valueName":"search_term_string"}}],"inLanguage":"de"},{"@type":"Organization","@id":"https:\/\/www.ksv-gf.de\/#organization","name":"Kreissch\u00fctzenverband Gifhorn e.V.","url":"https:\/\/www.ksv-gf.de\/","logo":{"@type":"ImageObject","inLanguage":"de","@id":"https:\/\/www.ksv-gf.de\/#\/schema\/logo\/image\/","url":"https:\/\/www.ksv-gf.de\/wp-content\/uploads\/2021\/05\/cropped-WAPPEN-KSV-GIFHORN_NEU.png","contentUrl":"https:\/\/www.ksv-gf.de\/wp-content\/uploads\/2021\/05\/cropped-WAPPEN-KSV-GIFHORN_NEU.png","width":204,"height":250,"caption":"Kreissch\u00fctzenverband Gifhorn e.V."},"image":{"@id":"https:\/\/www.ksv-gf.de\/#\/schema\/logo\/image\/"}},{"@type":"Person","@id":"https:\/\/www.ksv-gf.de\/#\/schema\/person\/ad298515c60f1baa05c4160e8911b879","name":"Klaus-Dieter Oppermann","image":{"@type":"ImageObject","inLanguage":"de","@id":"https:\/\/www.ksv-gf.de\/#\/schema\/person\/image\/","url":"https:\/\/secure.gravatar.com\/avatar\/ffc924b10e7b514dc121f031395016bbfc9a28920c896d84510adfcaec4466c6?s=96&d=mm&r=g","contentUrl":"https:\/\/secure.gravatar.com\/avatar\/ffc924b10e7b514dc121f031395016bbfc9a28920c896d84510adfcaec4466c6?s=96&d=mm&r=g","caption":"Klaus-Dieter Oppermann"},"url":"https:\/\/www.ksv-gf.de\/?author=3"}]}},"jetpack_featured_media_url":"","jetpack_sharing_enabled":true,"publishpress_future_action":{"enabled":false,"date":"2026-05-07 04:37:31","action":"change-status","newStatus":"draft","terms":[],"taxonomy":"category","extraData":[]},"publishpress_future_workflow_manual_trigger":{"enabledWorkflows":[]},"_links":{"self":[{"href":"https:\/\/www.ksv-gf.de\/index.php?rest_route=\/wp\/v2\/posts\/7932","targetHints":{"allow":["GET"]}}],"collection":[{"href":"https:\/\/www.ksv-gf.de\/index.php?rest_route=\/wp\/v2\/posts"}],"about":[{"href":"https:\/\/www.ksv-gf.de\/index.php?rest_route=\/wp\/v2\/types\/post"}],"author":[{"embeddable":true,"href":"https:\/\/www.ksv-gf.de\/index.php?rest_route=\/wp\/v2\/users\/3"}],"replies":[{"embeddable":true,"href":"https:\/\/www.ksv-gf.de\/index.php?rest_route=%2Fwp%2Fv2%2Fcomments&post=7932"}],"version-history":[{"count":5,"href":"https:\/\/www.ksv-gf.de\/index.php?rest_route=\/wp\/v2\/posts\/7932\/revisions"}],"predecessor-version":[{"id":7939,"href":"https:\/\/www.ksv-gf.de\/index.php?rest_route=\/wp\/v2\/posts\/7932\/revisions\/7939"}],"wp:attachment":[{"href":"https:\/\/www.ksv-gf.de\/index.php?rest_route=%2Fwp%2Fv2%2Fmedia&parent=7932"}],"wp:term":[{"taxonomy":"category","embeddable":true,"href":"https:\/\/www.ksv-gf.de\/index.php?rest_route=%2Fwp%2Fv2%2Fcategories&post=7932"},{"taxonomy":"post_tag","embeddable":true,"href":"https:\/\/www.ksv-gf.de\/index.php?rest_route=%2Fwp%2Fv2%2Ftags&post=7932"}],"curies":[{"name":"wp","href":"https:\/\/api.w.org\/{rel}","templated":true}]}}