{"id":7161,"date":"2024-12-09T17:58:37","date_gmt":"2024-12-09T16:58:37","guid":{"rendered":"https:\/\/www.ksv-gf.de\/?p=7161"},"modified":"2025-01-15T21:48:13","modified_gmt":"2025-01-15T20:48:13","slug":"40-starts-bei-den-kreisverbandsmeisterschaften-bogen-halle-2025","status":"publish","type":"post","link":"https:\/\/www.ksv-gf.de\/?p=7161","title":{"rendered":"40 Starts bei den Kreisverbandsmeisterschaften Bogen Halle 2025"},"content":{"rendered":"\n<p>Die Meisterschaften wurden am 24. November 2024 in der Sporthalle des Gymnasiums Meine ausgetragen, da der Schie\u00dfstand des Sch\u00fctzenvereins Meine nicht verf\u00fcgbar war. Herzlichen Dank an den Ausrichter Bogenf\u00fcchse SV Meine und den Betreiber der Sporthalle.Zu den Meisterschaften hatten 47 Bogensch\u00fctzinnen und Bogensch\u00fctzen von 9 bis 70 Jahre gemeldet. Nicht alle konnten starten, so dass am Sonntag 40 Bogensportlerinnen und Bogensportler in zwei Gruppen an die Schie\u00dflinie traten. Am Vormittag ermittelten die jugendlichen Sch\u00fctzinnen und Sch\u00fctzen bis 17 Jahre ihre Meister. Am Nachmittag traten die 18 bis 70j\u00e4hrigen an die Schie\u00dflinie. 16 Sch\u00fctzinnen und Sch\u00fctzen mit Recurve-  Compound- und Blankbogen freuten sich \u00fcber Titel, Goldmedaille und Urkunden.Viele gute Ergebnisse lassen auf Qualifikationen f\u00fcr die Landesverbandsmeisterschaften am 25. Und 26. Januar 2025 in der Sporthalle des Lessing-Gymnasiums in Braunschweig-Wenden hoffen.<\/p>\n\n\n\n<div class=\"wp-block-file\"><a id=\"wp-block-file--media-21058f78-4e8e-4d99-87b4-2cc1b8df0037\" href=\"https:\/\/www.ksv-gf.de\/wp-content\/uploads\/2024\/12\/EinzelAllesGesamt25.pdf\">EinzelAllesGesamt25<\/a><a href=\"https:\/\/www.ksv-gf.de\/wp-content\/uploads\/2024\/12\/EinzelAllesGesamt25.pdf\" class=\"wp-block-file__button wp-element-button\" download aria-describedby=\"wp-block-file--media-21058f78-4e8e-4d99-87b4-2cc1b8df0037\">Herunterladen<\/a><\/div>\n\n\n\n<div class=\"wp-block-file\"><a id=\"wp-block-file--media-c6062d4d-2591-45bc-8d5d-fa4ba12a3efd\" href=\"https:\/\/www.ksv-gf.de\/wp-content\/uploads\/2024\/12\/Mannschaft_Ergebnis.pdf\">Mannschaft_Ergebnis<\/a><a href=\"https:\/\/www.ksv-gf.de\/wp-content\/uploads\/2024\/12\/Mannschaft_Ergebnis.pdf\" class=\"wp-block-file__button wp-element-button\" download aria-describedby=\"wp-block-file--media-c6062d4d-2591-45bc-8d5d-fa4ba12a3efd\">Herunterladen<\/a><\/div>\n","protected":false},"excerpt":{"rendered":"<p>Die Meisterschaften wurden am 24. November 2024 in der Sporthalle des Gymnasiums Meine ausgetragen, da der Schie\u00dfstand des Sch\u00fctzenvereins Meine nicht verf\u00fcgbar war. Herzlichen Dank an den Ausrichter Bogenf\u00fcchse SV &hellip; <\/p>\n<p class=\"link-more\"><a href=\"https:\/\/www.ksv-gf.de\/?p=7161\" class=\"more-link\"><span class=\"screen-reader-text\">\u201e40 Starts bei den Kreisverbandsmeisterschaften Bogen Halle 2025\u201c <\/span>weiterlesen<\/a><\/p>\n","protected":false},"author":5,"featured_media":0,"comment_status":"closed","ping_status":"closed","sticky":false,"template":"","format":"standard","meta":{"_jetpack_memberships_contains_paid_content":false,"footnotes":""},"categories":[62,63],"tags":[85],"class_list":["post-7161","post","type-post","status-publish","format-standard","hentry","category-bogen","category-kreisdamenpokal-ergebnisse-bogen","tag-bogen"],"yoast_head":"<!-- This site is optimized with the Yoast SEO plugin v27.1.1 - https:\/\/yoast.com\/product\/yoast-seo-wordpress\/ -->\n<title>40 Starts bei den Kreisverbandsmeisterschaften Bogen Halle 2025 - KSV Gifhorn<\/title>\n<meta name=\"robots\" content=\"index, follow, max-snippet:-1, max-image-preview:large, max-video-preview:-1\" \/>\n<link rel=\"canonical\" href=\"https:\/\/www.ksv-gf.de\/?p=7161\" \/>\n<meta property=\"og:locale\" content=\"de_DE\" \/>\n<meta property=\"og:type\" content=\"article\" \/>\n<meta property=\"og:title\" content=\"40 Starts bei den Kreisverbandsmeisterschaften Bogen Halle 2025 - KSV Gifhorn\" \/>\n<meta property=\"og:description\" content=\"Die Meisterschaften wurden am 24. November 2024 in der Sporthalle des Gymnasiums Meine ausgetragen, da der Schie\u00dfstand des Sch\u00fctzenvereins Meine nicht verf\u00fcgbar war. Herzlichen Dank an den Ausrichter Bogenf\u00fcchse SV &hellip; \u201e40 Starts bei den Kreisverbandsmeisterschaften Bogen Halle 2025\u201c weiterlesen\" \/>\n<meta property=\"og:url\" content=\"https:\/\/www.ksv-gf.de\/?p=7161\" \/>\n<meta property=\"og:site_name\" content=\"KSV Gifhorn\" \/>\n<meta property=\"article:published_time\" content=\"2024-12-09T16:58:37+00:00\" \/>\n<meta property=\"article:modified_time\" content=\"2025-01-15T20:48:13+00:00\" \/>\n<meta name=\"author\" content=\"Iris Janz\" \/>\n<meta name=\"twitter:card\" content=\"summary_large_image\" \/>\n<meta name=\"twitter:label1\" content=\"Verfasst von\" \/>\n\t<meta name=\"twitter:data1\" content=\"Iris Janz\" \/>\n\t<meta name=\"twitter:label2\" content=\"Gesch\u00e4tzte Lesezeit\" \/>\n\t<meta name=\"twitter:data2\" content=\"1\u00a0Minute\" \/>\n<script type=\"application\/ld+json\" class=\"yoast-schema-graph\">{\"@context\":\"https:\/\/schema.org\",\"@graph\":[{\"@type\":\"Article\",\"@id\":\"https:\/\/www.ksv-gf.de\/?p=7161#article\",\"isPartOf\":{\"@id\":\"https:\/\/www.ksv-gf.de\/?p=7161\"},\"author\":{\"name\":\"Iris Janz\",\"@id\":\"https:\/\/www.ksv-gf.de\/#\/schema\/person\/10a352f94d1e73cf6ccd8c522ea359a2\"},\"headline\":\"40 Starts bei den Kreisverbandsmeisterschaften Bogen Halle 2025\",\"datePublished\":\"2024-12-09T16:58:37+00:00\",\"dateModified\":\"2025-01-15T20:48:13+00:00\",\"mainEntityOfPage\":{\"@id\":\"https:\/\/www.ksv-gf.de\/?p=7161\"},\"wordCount\":144,\"publisher\":{\"@id\":\"https:\/\/www.ksv-gf.de\/#organization\"},\"keywords\":[\"Bogen\"],\"articleSection\":[\"Bogen\",\"Kreismeisterschaften Ergebnisse\"],\"inLanguage\":\"de\"},{\"@type\":\"WebPage\",\"@id\":\"https:\/\/www.ksv-gf.de\/?p=7161\",\"url\":\"https:\/\/www.ksv-gf.de\/?p=7161\",\"name\":\"40 Starts bei den Kreisverbandsmeisterschaften Bogen Halle 2025 - KSV Gifhorn\",\"isPartOf\":{\"@id\":\"https:\/\/www.ksv-gf.de\/#website\"},\"datePublished\":\"2024-12-09T16:58:37+00:00\",\"dateModified\":\"2025-01-15T20:48:13+00:00\",\"breadcrumb\":{\"@id\":\"https:\/\/www.ksv-gf.de\/?p=7161#breadcrumb\"},\"inLanguage\":\"de\",\"potentialAction\":[{\"@type\":\"ReadAction\",\"target\":[\"https:\/\/www.ksv-gf.de\/?p=7161\"]}]},{\"@type\":\"BreadcrumbList\",\"@id\":\"https:\/\/www.ksv-gf.de\/?p=7161#breadcrumb\",\"itemListElement\":[{\"@type\":\"ListItem\",\"position\":1,\"name\":\"Startseite\",\"item\":\"https:\/\/www.ksv-gf.de\/\"},{\"@type\":\"ListItem\",\"position\":2,\"name\":\"40 Starts bei den Kreisverbandsmeisterschaften Bogen Halle 2025\"}]},{\"@type\":\"WebSite\",\"@id\":\"https:\/\/www.ksv-gf.de\/#website\",\"url\":\"https:\/\/www.ksv-gf.de\/\",\"name\":\"KSV Gifhorn\",\"description\":\"\",\"publisher\":{\"@id\":\"https:\/\/www.ksv-gf.de\/#organization\"},\"potentialAction\":[{\"@type\":\"SearchAction\",\"target\":{\"@type\":\"EntryPoint\",\"urlTemplate\":\"https:\/\/www.ksv-gf.de\/?s={search_term_string}\"},\"query-input\":{\"@type\":\"PropertyValueSpecification\",\"valueRequired\":true,\"valueName\":\"search_term_string\"}}],\"inLanguage\":\"de\"},{\"@type\":\"Organization\",\"@id\":\"https:\/\/www.ksv-gf.de\/#organization\",\"name\":\"Kreissch\u00fctzenverband Gifhorn e.V.\",\"url\":\"https:\/\/www.ksv-gf.de\/\",\"logo\":{\"@type\":\"ImageObject\",\"inLanguage\":\"de\",\"@id\":\"https:\/\/www.ksv-gf.de\/#\/schema\/logo\/image\/\",\"url\":\"https:\/\/www.ksv-gf.de\/wp-content\/uploads\/2021\/05\/cropped-WAPPEN-KSV-GIFHORN_NEU.png\",\"contentUrl\":\"https:\/\/www.ksv-gf.de\/wp-content\/uploads\/2021\/05\/cropped-WAPPEN-KSV-GIFHORN_NEU.png\",\"width\":204,\"height\":250,\"caption\":\"Kreissch\u00fctzenverband Gifhorn e.V.\"},\"image\":{\"@id\":\"https:\/\/www.ksv-gf.de\/#\/schema\/logo\/image\/\"}},{\"@type\":\"Person\",\"@id\":\"https:\/\/www.ksv-gf.de\/#\/schema\/person\/10a352f94d1e73cf6ccd8c522ea359a2\",\"name\":\"Iris Janz\",\"image\":{\"@type\":\"ImageObject\",\"inLanguage\":\"de\",\"@id\":\"https:\/\/www.ksv-gf.de\/#\/schema\/person\/image\/\",\"url\":\"https:\/\/secure.gravatar.com\/avatar\/7d71cc19381c9629163c6490ff0db56b749504739f84d6a1adb273bb7429d61d?s=96&d=mm&r=g\",\"contentUrl\":\"https:\/\/secure.gravatar.com\/avatar\/7d71cc19381c9629163c6490ff0db56b749504739f84d6a1adb273bb7429d61d?s=96&d=mm&r=g\",\"caption\":\"Iris Janz\"},\"url\":\"https:\/\/www.ksv-gf.de\/?author=5\"}]}<\/script>\n<!-- \/ Yoast SEO plugin. -->","yoast_head_json":{"title":"40 Starts bei den Kreisverbandsmeisterschaften Bogen Halle 2025 - KSV Gifhorn","robots":{"index":"index","follow":"follow","max-snippet":"max-snippet:-1","max-image-preview":"max-image-preview:large","max-video-preview":"max-video-preview:-1"},"canonical":"https:\/\/www.ksv-gf.de\/?p=7161","og_locale":"de_DE","og_type":"article","og_title":"40 Starts bei den Kreisverbandsmeisterschaften Bogen Halle 2025 - KSV Gifhorn","og_description":"Die Meisterschaften wurden am 24. November 2024 in der Sporthalle des Gymnasiums Meine ausgetragen, da der Schie\u00dfstand des Sch\u00fctzenvereins Meine nicht verf\u00fcgbar war. Herzlichen Dank an den Ausrichter Bogenf\u00fcchse SV &hellip; \u201e40 Starts bei den Kreisverbandsmeisterschaften Bogen Halle 2025\u201c weiterlesen","og_url":"https:\/\/www.ksv-gf.de\/?p=7161","og_site_name":"KSV Gifhorn","article_published_time":"2024-12-09T16:58:37+00:00","article_modified_time":"2025-01-15T20:48:13+00:00","author":"Iris Janz","twitter_card":"summary_large_image","twitter_misc":{"Verfasst von":"Iris Janz","Gesch\u00e4tzte Lesezeit":"1\u00a0Minute"},"schema":{"@context":"https:\/\/schema.org","@graph":[{"@type":"Article","@id":"https:\/\/www.ksv-gf.de\/?p=7161#article","isPartOf":{"@id":"https:\/\/www.ksv-gf.de\/?p=7161"},"author":{"name":"Iris Janz","@id":"https:\/\/www.ksv-gf.de\/#\/schema\/person\/10a352f94d1e73cf6ccd8c522ea359a2"},"headline":"40 Starts bei den Kreisverbandsmeisterschaften Bogen Halle 2025","datePublished":"2024-12-09T16:58:37+00:00","dateModified":"2025-01-15T20:48:13+00:00","mainEntityOfPage":{"@id":"https:\/\/www.ksv-gf.de\/?p=7161"},"wordCount":144,"publisher":{"@id":"https:\/\/www.ksv-gf.de\/#organization"},"keywords":["Bogen"],"articleSection":["Bogen","Kreismeisterschaften Ergebnisse"],"inLanguage":"de"},{"@type":"WebPage","@id":"https:\/\/www.ksv-gf.de\/?p=7161","url":"https:\/\/www.ksv-gf.de\/?p=7161","name":"40 Starts bei den Kreisverbandsmeisterschaften Bogen Halle 2025 - KSV Gifhorn","isPartOf":{"@id":"https:\/\/www.ksv-gf.de\/#website"},"datePublished":"2024-12-09T16:58:37+00:00","dateModified":"2025-01-15T20:48:13+00:00","breadcrumb":{"@id":"https:\/\/www.ksv-gf.de\/?p=7161#breadcrumb"},"inLanguage":"de","potentialAction":[{"@type":"ReadAction","target":["https:\/\/www.ksv-gf.de\/?p=7161"]}]},{"@type":"BreadcrumbList","@id":"https:\/\/www.ksv-gf.de\/?p=7161#breadcrumb","itemListElement":[{"@type":"ListItem","position":1,"name":"Startseite","item":"https:\/\/www.ksv-gf.de\/"},{"@type":"ListItem","position":2,"name":"40 Starts bei den Kreisverbandsmeisterschaften Bogen Halle 2025"}]},{"@type":"WebSite","@id":"https:\/\/www.ksv-gf.de\/#website","url":"https:\/\/www.ksv-gf.de\/","name":"KSV Gifhorn","description":"","publisher":{"@id":"https:\/\/www.ksv-gf.de\/#organization"},"potentialAction":[{"@type":"SearchAction","target":{"@type":"EntryPoint","urlTemplate":"https:\/\/www.ksv-gf.de\/?s={search_term_string}"},"query-input":{"@type":"PropertyValueSpecification","valueRequired":true,"valueName":"search_term_string"}}],"inLanguage":"de"},{"@type":"Organization","@id":"https:\/\/www.ksv-gf.de\/#organization","name":"Kreissch\u00fctzenverband Gifhorn e.V.","url":"https:\/\/www.ksv-gf.de\/","logo":{"@type":"ImageObject","inLanguage":"de","@id":"https:\/\/www.ksv-gf.de\/#\/schema\/logo\/image\/","url":"https:\/\/www.ksv-gf.de\/wp-content\/uploads\/2021\/05\/cropped-WAPPEN-KSV-GIFHORN_NEU.png","contentUrl":"https:\/\/www.ksv-gf.de\/wp-content\/uploads\/2021\/05\/cropped-WAPPEN-KSV-GIFHORN_NEU.png","width":204,"height":250,"caption":"Kreissch\u00fctzenverband Gifhorn e.V."},"image":{"@id":"https:\/\/www.ksv-gf.de\/#\/schema\/logo\/image\/"}},{"@type":"Person","@id":"https:\/\/www.ksv-gf.de\/#\/schema\/person\/10a352f94d1e73cf6ccd8c522ea359a2","name":"Iris Janz","image":{"@type":"ImageObject","inLanguage":"de","@id":"https:\/\/www.ksv-gf.de\/#\/schema\/person\/image\/","url":"https:\/\/secure.gravatar.com\/avatar\/7d71cc19381c9629163c6490ff0db56b749504739f84d6a1adb273bb7429d61d?s=96&d=mm&r=g","contentUrl":"https:\/\/secure.gravatar.com\/avatar\/7d71cc19381c9629163c6490ff0db56b749504739f84d6a1adb273bb7429d61d?s=96&d=mm&r=g","caption":"Iris Janz"},"url":"https:\/\/www.ksv-gf.de\/?author=5"}]}},"jetpack_featured_media_url":"","jetpack_sharing_enabled":true,"publishpress_future_action":{"enabled":false,"date":"2026-05-05 19:28:15","action":"change-status","newStatus":"draft","terms":[],"taxonomy":"category","extraData":[]},"publishpress_future_workflow_manual_trigger":{"enabledWorkflows":[]},"_links":{"self":[{"href":"https:\/\/www.ksv-gf.de\/index.php?rest_route=\/wp\/v2\/posts\/7161","targetHints":{"allow":["GET"]}}],"collection":[{"href":"https:\/\/www.ksv-gf.de\/index.php?rest_route=\/wp\/v2\/posts"}],"about":[{"href":"https:\/\/www.ksv-gf.de\/index.php?rest_route=\/wp\/v2\/types\/post"}],"author":[{"embeddable":true,"href":"https:\/\/www.ksv-gf.de\/index.php?rest_route=\/wp\/v2\/users\/5"}],"replies":[{"embeddable":true,"href":"https:\/\/www.ksv-gf.de\/index.php?rest_route=%2Fwp%2Fv2%2Fcomments&post=7161"}],"version-history":[{"count":4,"href":"https:\/\/www.ksv-gf.de\/index.php?rest_route=\/wp\/v2\/posts\/7161\/revisions"}],"predecessor-version":[{"id":7276,"href":"https:\/\/www.ksv-gf.de\/index.php?rest_route=\/wp\/v2\/posts\/7161\/revisions\/7276"}],"wp:attachment":[{"href":"https:\/\/www.ksv-gf.de\/index.php?rest_route=%2Fwp%2Fv2%2Fmedia&parent=7161"}],"wp:term":[{"taxonomy":"category","embeddable":true,"href":"https:\/\/www.ksv-gf.de\/index.php?rest_route=%2Fwp%2Fv2%2Fcategories&post=7161"},{"taxonomy":"post_tag","embeddable":true,"href":"https:\/\/www.ksv-gf.de\/index.php?rest_route=%2Fwp%2Fv2%2Ftags&post=7161"}],"curies":[{"name":"wp","href":"https:\/\/api.w.org\/{rel}","templated":true}]}}