{"id":7147,"date":"2024-11-07T12:25:19","date_gmt":"2024-11-07T11:25:19","guid":{"rendered":"https:\/\/www.ksv-gf.de\/?p=7147"},"modified":"2024-11-07T12:25:22","modified_gmt":"2024-11-07T11:25:22","slug":"2-bundesturnier-im-blasrohrsport","status":"publish","type":"post","link":"https:\/\/www.ksv-gf.de\/?p=7147","title":{"rendered":"2. Bundesturnier im Blasrohrsport"},"content":{"rendered":"\n<figure class=\"wp-block-image size-large is-style-default\"><img decoding=\"async\" width=\"1024\" height=\"576\" data-src=\"https:\/\/www.ksv-gf.de\/wp-content\/uploads\/2024\/11\/Foto-Blasrohr-1024x576.jpg\" alt=\"\" class=\"wp-image-7148 lazyload\" data-srcset=\"https:\/\/www.ksv-gf.de\/wp-content\/uploads\/2024\/11\/Foto-Blasrohr-1024x576.jpg 1024w, https:\/\/www.ksv-gf.de\/wp-content\/uploads\/2024\/11\/Foto-Blasrohr-300x169.jpg 300w, https:\/\/www.ksv-gf.de\/wp-content\/uploads\/2024\/11\/Foto-Blasrohr-768x432.jpg 768w, https:\/\/www.ksv-gf.de\/wp-content\/uploads\/2024\/11\/Foto-Blasrohr-1536x864.jpg 1536w, https:\/\/www.ksv-gf.de\/wp-content\/uploads\/2024\/11\/Foto-Blasrohr-350x197.jpg 350w, https:\/\/www.ksv-gf.de\/wp-content\/uploads\/2024\/11\/Foto-Blasrohr.jpg 2000w\" data-sizes=\"(max-width: 767px) 89vw, (max-width: 1000px) 54vw, (max-width: 1071px) 543px, 580px\" src=\"data:image\/svg+xml;base64,PHN2ZyB3aWR0aD0iMSIgaGVpZ2h0PSIxIiB4bWxucz0iaHR0cDovL3d3dy53My5vcmcvMjAwMC9zdmciPjwvc3ZnPg==\" style=\"--smush-placeholder-width: 1024px; --smush-placeholder-aspect-ratio: 1024\/576;\" \/><\/figure>\n\n\n\n<p>Vom 1. \u2013 3. November fand in Einbeck das 2. Bundesturnier im Blasrohrsport statt. Der Wettbewerb ist praktisch eine Deutsche Meisterschaft, auch weil sich die Teilnehmenden in ihren jeweiligen Landesverb\u00e4nden qualifizieren mussten. Weil es mehr als 900 Meldungen gab, es aber nur 640 Startpl\u00e4tze in den 18 Altersklassen zur Verf\u00fcgung standen, mussten Limits festgelegt werden.<\/p>\n\n\n\n<p>Aus dem Kreissch\u00fctzenverband Gifhorn hatten 12 Blasrohrsportler vom SV Gru\u00dfendorf, der SSGem Gifhorn und dem KKS Gravenhorst-Ohnhorst eine Startkarte erhalten.<\/p>\n\n\n\n<p>F\u00fcr einen Podestplatz reichte es leider nicht. Die Ergebnisse waren aber allemal sehenswert.<\/p>\n\n\n\n<p>Die beste Platzierung erzielte Anna-Maria Cordes vom SV Gru\u00dfendorf. In der Klasse Sch\u00fclerinnen III brachte sie die Darts f\u00fcr 553 Ringe auf die Scheibe und erreichte einen sehr guten 4. Platz.<\/p>\n\n\n\n<p>Luis Neumann vom KKS Gravenhorst-Ohnhorst errang in der Jugendklasse mit ebenfalls hervorragenden 556 Ringen Platz 8.<\/p>\n\n\n\n<p>Bei den Erwachsenen erzielte Florian M\u00f6hle (KKS Gravenhorst-Ohnhorst) mit 583 Ringen das beste Ergebnis. Damit platzierte er sich in der Klasse Herren I auf Rang 11.<\/p>\n\n\n\n<p>Insgesamt war zu sp\u00fcren, dass das Interesse an dieser Disziplin in den letzten beiden Jahren zugenommen hat. Damit stieg auch das Leistungsniveau deutlich gegen\u00fcber dem letztj\u00e4hrigen Bundesturnier. F\u00fcr einen Podestplatz waren bei den Damen- und Herrenklassen meist Ergebnisse jenseits der 590er Grenze notwendig.<\/p>\n\n\n\n<p>Bei den Sch\u00fclern und Jugendlichen h\u00e4tten 570er Ergebnisse auf dem Wertungszettel stehen sollen.<\/p>\n\n\n\n<p>Im n\u00e4chsten Jahr wird es erneut in Einbeck endlich eine Deutsche Meisterschaft Blasrohrsport geben.<\/p>\n\n\n\n<p>Die einzelnen Ergebnisse sind nachzulesen unter dem <a href=\"https:\/\/www.dsb-sportportal.de\/cloud\/dm2024\/dm2024_br\/dsbspdb_menu_main_EP_br\/\">DSB-Ergebnisportal<\/a> Bilder unter <a href=\"https:\/\/www.facebook.com\/media\/set\/?set=a.1073623928104797&amp;type=3\">Facebook<\/a><\/p>\n\n\n\n<p>Text und Bild: Referent Blasrohrsport<\/p>\n","protected":false},"excerpt":{"rendered":"<p>Vom 1. \u2013 3. November fand in Einbeck das 2. Bundesturnier im Blasrohrsport statt. Der Wettbewerb ist praktisch eine Deutsche Meisterschaft, auch weil sich die Teilnehmenden in ihren jeweiligen Landesverb\u00e4nden &hellip; <\/p>\n<p class=\"link-more\"><a href=\"https:\/\/www.ksv-gf.de\/?p=7147\" class=\"more-link\"><span class=\"screen-reader-text\">\u201e2. Bundesturnier im Blasrohrsport\u201c <\/span>weiterlesen<\/a><\/p>\n","protected":false},"author":5,"featured_media":0,"comment_status":"closed","ping_status":"closed","sticky":false,"template":"","format":"standard","meta":{"_jetpack_memberships_contains_paid_content":false,"footnotes":""},"categories":[96,99],"tags":[],"class_list":["post-7147","post","type-post","status-publish","format-standard","hentry","category-blasrohr","category-dsb-wettkaempfe"],"yoast_head":"<!-- This site is optimized with the Yoast SEO plugin v27.1.1 - https:\/\/yoast.com\/product\/yoast-seo-wordpress\/ -->\n<title>2. Bundesturnier im Blasrohrsport - KSV Gifhorn<\/title>\n<meta name=\"robots\" content=\"index, follow, max-snippet:-1, max-image-preview:large, max-video-preview:-1\" \/>\n<link rel=\"canonical\" href=\"https:\/\/www.ksv-gf.de\/?p=7147\" \/>\n<meta property=\"og:locale\" content=\"de_DE\" \/>\n<meta property=\"og:type\" content=\"article\" \/>\n<meta property=\"og:title\" content=\"2. Bundesturnier im Blasrohrsport - KSV Gifhorn\" \/>\n<meta property=\"og:description\" content=\"Vom 1. \u2013 3. November fand in Einbeck das 2. Bundesturnier im Blasrohrsport statt. Der Wettbewerb ist praktisch eine Deutsche Meisterschaft, auch weil sich die Teilnehmenden in ihren jeweiligen Landesverb\u00e4nden &hellip; \u201e2. Bundesturnier im Blasrohrsport\u201c weiterlesen\" \/>\n<meta property=\"og:url\" content=\"https:\/\/www.ksv-gf.de\/?p=7147\" \/>\n<meta property=\"og:site_name\" content=\"KSV Gifhorn\" \/>\n<meta property=\"article:published_time\" content=\"2024-11-07T11:25:19+00:00\" \/>\n<meta property=\"article:modified_time\" content=\"2024-11-07T11:25:22+00:00\" \/>\n<meta property=\"og:image\" content=\"https:\/\/www.ksv-gf.de\/wp-content\/uploads\/2024\/11\/Foto-Blasrohr.jpg\" \/>\n\t<meta property=\"og:image:width\" content=\"2000\" \/>\n\t<meta property=\"og:image:height\" content=\"1125\" \/>\n\t<meta property=\"og:image:type\" content=\"image\/jpeg\" \/>\n<meta name=\"author\" content=\"Iris Janz\" \/>\n<meta name=\"twitter:card\" content=\"summary_large_image\" \/>\n<meta name=\"twitter:label1\" content=\"Verfasst von\" \/>\n\t<meta name=\"twitter:data1\" content=\"Iris Janz\" \/>\n\t<meta name=\"twitter:label2\" content=\"Gesch\u00e4tzte Lesezeit\" \/>\n\t<meta name=\"twitter:data2\" content=\"2\u00a0Minuten\" \/>\n<script type=\"application\/ld+json\" class=\"yoast-schema-graph\">{\"@context\":\"https:\/\/schema.org\",\"@graph\":[{\"@type\":\"Article\",\"@id\":\"https:\/\/www.ksv-gf.de\/?p=7147#article\",\"isPartOf\":{\"@id\":\"https:\/\/www.ksv-gf.de\/?p=7147\"},\"author\":{\"name\":\"Iris Janz\",\"@id\":\"https:\/\/www.ksv-gf.de\/#\/schema\/person\/10a352f94d1e73cf6ccd8c522ea359a2\"},\"headline\":\"2. Bundesturnier im Blasrohrsport\",\"datePublished\":\"2024-11-07T11:25:19+00:00\",\"dateModified\":\"2024-11-07T11:25:22+00:00\",\"mainEntityOfPage\":{\"@id\":\"https:\/\/www.ksv-gf.de\/?p=7147\"},\"wordCount\":253,\"publisher\":{\"@id\":\"https:\/\/www.ksv-gf.de\/#organization\"},\"image\":{\"@id\":\"https:\/\/www.ksv-gf.de\/?p=7147#primaryimage\"},\"thumbnailUrl\":\"https:\/\/www.ksv-gf.de\/wp-content\/uploads\/2024\/11\/Foto-Blasrohr-1024x576.jpg\",\"articleSection\":[\"Blasrohr\",\"DSB-Wettk\u00e4mpfe\"],\"inLanguage\":\"de\"},{\"@type\":\"WebPage\",\"@id\":\"https:\/\/www.ksv-gf.de\/?p=7147\",\"url\":\"https:\/\/www.ksv-gf.de\/?p=7147\",\"name\":\"2. Bundesturnier im Blasrohrsport - KSV Gifhorn\",\"isPartOf\":{\"@id\":\"https:\/\/www.ksv-gf.de\/#website\"},\"primaryImageOfPage\":{\"@id\":\"https:\/\/www.ksv-gf.de\/?p=7147#primaryimage\"},\"image\":{\"@id\":\"https:\/\/www.ksv-gf.de\/?p=7147#primaryimage\"},\"thumbnailUrl\":\"https:\/\/www.ksv-gf.de\/wp-content\/uploads\/2024\/11\/Foto-Blasrohr-1024x576.jpg\",\"datePublished\":\"2024-11-07T11:25:19+00:00\",\"dateModified\":\"2024-11-07T11:25:22+00:00\",\"breadcrumb\":{\"@id\":\"https:\/\/www.ksv-gf.de\/?p=7147#breadcrumb\"},\"inLanguage\":\"de\",\"potentialAction\":[{\"@type\":\"ReadAction\",\"target\":[\"https:\/\/www.ksv-gf.de\/?p=7147\"]}]},{\"@type\":\"ImageObject\",\"inLanguage\":\"de\",\"@id\":\"https:\/\/www.ksv-gf.de\/?p=7147#primaryimage\",\"url\":\"https:\/\/www.ksv-gf.de\/wp-content\/uploads\/2024\/11\/Foto-Blasrohr.jpg\",\"contentUrl\":\"https:\/\/www.ksv-gf.de\/wp-content\/uploads\/2024\/11\/Foto-Blasrohr.jpg\",\"width\":2000,\"height\":1125},{\"@type\":\"BreadcrumbList\",\"@id\":\"https:\/\/www.ksv-gf.de\/?p=7147#breadcrumb\",\"itemListElement\":[{\"@type\":\"ListItem\",\"position\":1,\"name\":\"Startseite\",\"item\":\"https:\/\/www.ksv-gf.de\/\"},{\"@type\":\"ListItem\",\"position\":2,\"name\":\"2. Bundesturnier im Blasrohrsport\"}]},{\"@type\":\"WebSite\",\"@id\":\"https:\/\/www.ksv-gf.de\/#website\",\"url\":\"https:\/\/www.ksv-gf.de\/\",\"name\":\"KSV Gifhorn\",\"description\":\"\",\"publisher\":{\"@id\":\"https:\/\/www.ksv-gf.de\/#organization\"},\"potentialAction\":[{\"@type\":\"SearchAction\",\"target\":{\"@type\":\"EntryPoint\",\"urlTemplate\":\"https:\/\/www.ksv-gf.de\/?s={search_term_string}\"},\"query-input\":{\"@type\":\"PropertyValueSpecification\",\"valueRequired\":true,\"valueName\":\"search_term_string\"}}],\"inLanguage\":\"de\"},{\"@type\":\"Organization\",\"@id\":\"https:\/\/www.ksv-gf.de\/#organization\",\"name\":\"Kreissch\u00fctzenverband Gifhorn e.V.\",\"url\":\"https:\/\/www.ksv-gf.de\/\",\"logo\":{\"@type\":\"ImageObject\",\"inLanguage\":\"de\",\"@id\":\"https:\/\/www.ksv-gf.de\/#\/schema\/logo\/image\/\",\"url\":\"https:\/\/www.ksv-gf.de\/wp-content\/uploads\/2021\/05\/cropped-WAPPEN-KSV-GIFHORN_NEU.png\",\"contentUrl\":\"https:\/\/www.ksv-gf.de\/wp-content\/uploads\/2021\/05\/cropped-WAPPEN-KSV-GIFHORN_NEU.png\",\"width\":204,\"height\":250,\"caption\":\"Kreissch\u00fctzenverband Gifhorn e.V.\"},\"image\":{\"@id\":\"https:\/\/www.ksv-gf.de\/#\/schema\/logo\/image\/\"}},{\"@type\":\"Person\",\"@id\":\"https:\/\/www.ksv-gf.de\/#\/schema\/person\/10a352f94d1e73cf6ccd8c522ea359a2\",\"name\":\"Iris Janz\",\"image\":{\"@type\":\"ImageObject\",\"inLanguage\":\"de\",\"@id\":\"https:\/\/www.ksv-gf.de\/#\/schema\/person\/image\/\",\"url\":\"https:\/\/secure.gravatar.com\/avatar\/7d71cc19381c9629163c6490ff0db56b749504739f84d6a1adb273bb7429d61d?s=96&d=mm&r=g\",\"contentUrl\":\"https:\/\/secure.gravatar.com\/avatar\/7d71cc19381c9629163c6490ff0db56b749504739f84d6a1adb273bb7429d61d?s=96&d=mm&r=g\",\"caption\":\"Iris Janz\"},\"url\":\"https:\/\/www.ksv-gf.de\/?author=5\"}]}<\/script>\n<!-- \/ Yoast SEO plugin. -->","yoast_head_json":{"title":"2. Bundesturnier im Blasrohrsport - KSV Gifhorn","robots":{"index":"index","follow":"follow","max-snippet":"max-snippet:-1","max-image-preview":"max-image-preview:large","max-video-preview":"max-video-preview:-1"},"canonical":"https:\/\/www.ksv-gf.de\/?p=7147","og_locale":"de_DE","og_type":"article","og_title":"2. Bundesturnier im Blasrohrsport - KSV Gifhorn","og_description":"Vom 1. \u2013 3. November fand in Einbeck das 2. Bundesturnier im Blasrohrsport statt. Der Wettbewerb ist praktisch eine Deutsche Meisterschaft, auch weil sich die Teilnehmenden in ihren jeweiligen Landesverb\u00e4nden &hellip; \u201e2. Bundesturnier im Blasrohrsport\u201c weiterlesen","og_url":"https:\/\/www.ksv-gf.de\/?p=7147","og_site_name":"KSV Gifhorn","article_published_time":"2024-11-07T11:25:19+00:00","article_modified_time":"2024-11-07T11:25:22+00:00","og_image":[{"width":2000,"height":1125,"url":"https:\/\/www.ksv-gf.de\/wp-content\/uploads\/2024\/11\/Foto-Blasrohr.jpg","type":"image\/jpeg"}],"author":"Iris Janz","twitter_card":"summary_large_image","twitter_misc":{"Verfasst von":"Iris Janz","Gesch\u00e4tzte Lesezeit":"2\u00a0Minuten"},"schema":{"@context":"https:\/\/schema.org","@graph":[{"@type":"Article","@id":"https:\/\/www.ksv-gf.de\/?p=7147#article","isPartOf":{"@id":"https:\/\/www.ksv-gf.de\/?p=7147"},"author":{"name":"Iris Janz","@id":"https:\/\/www.ksv-gf.de\/#\/schema\/person\/10a352f94d1e73cf6ccd8c522ea359a2"},"headline":"2. Bundesturnier im Blasrohrsport","datePublished":"2024-11-07T11:25:19+00:00","dateModified":"2024-11-07T11:25:22+00:00","mainEntityOfPage":{"@id":"https:\/\/www.ksv-gf.de\/?p=7147"},"wordCount":253,"publisher":{"@id":"https:\/\/www.ksv-gf.de\/#organization"},"image":{"@id":"https:\/\/www.ksv-gf.de\/?p=7147#primaryimage"},"thumbnailUrl":"https:\/\/www.ksv-gf.de\/wp-content\/uploads\/2024\/11\/Foto-Blasrohr-1024x576.jpg","articleSection":["Blasrohr","DSB-Wettk\u00e4mpfe"],"inLanguage":"de"},{"@type":"WebPage","@id":"https:\/\/www.ksv-gf.de\/?p=7147","url":"https:\/\/www.ksv-gf.de\/?p=7147","name":"2. Bundesturnier im Blasrohrsport - KSV Gifhorn","isPartOf":{"@id":"https:\/\/www.ksv-gf.de\/#website"},"primaryImageOfPage":{"@id":"https:\/\/www.ksv-gf.de\/?p=7147#primaryimage"},"image":{"@id":"https:\/\/www.ksv-gf.de\/?p=7147#primaryimage"},"thumbnailUrl":"https:\/\/www.ksv-gf.de\/wp-content\/uploads\/2024\/11\/Foto-Blasrohr-1024x576.jpg","datePublished":"2024-11-07T11:25:19+00:00","dateModified":"2024-11-07T11:25:22+00:00","breadcrumb":{"@id":"https:\/\/www.ksv-gf.de\/?p=7147#breadcrumb"},"inLanguage":"de","potentialAction":[{"@type":"ReadAction","target":["https:\/\/www.ksv-gf.de\/?p=7147"]}]},{"@type":"ImageObject","inLanguage":"de","@id":"https:\/\/www.ksv-gf.de\/?p=7147#primaryimage","url":"https:\/\/www.ksv-gf.de\/wp-content\/uploads\/2024\/11\/Foto-Blasrohr.jpg","contentUrl":"https:\/\/www.ksv-gf.de\/wp-content\/uploads\/2024\/11\/Foto-Blasrohr.jpg","width":2000,"height":1125},{"@type":"BreadcrumbList","@id":"https:\/\/www.ksv-gf.de\/?p=7147#breadcrumb","itemListElement":[{"@type":"ListItem","position":1,"name":"Startseite","item":"https:\/\/www.ksv-gf.de\/"},{"@type":"ListItem","position":2,"name":"2. Bundesturnier im Blasrohrsport"}]},{"@type":"WebSite","@id":"https:\/\/www.ksv-gf.de\/#website","url":"https:\/\/www.ksv-gf.de\/","name":"KSV Gifhorn","description":"","publisher":{"@id":"https:\/\/www.ksv-gf.de\/#organization"},"potentialAction":[{"@type":"SearchAction","target":{"@type":"EntryPoint","urlTemplate":"https:\/\/www.ksv-gf.de\/?s={search_term_string}"},"query-input":{"@type":"PropertyValueSpecification","valueRequired":true,"valueName":"search_term_string"}}],"inLanguage":"de"},{"@type":"Organization","@id":"https:\/\/www.ksv-gf.de\/#organization","name":"Kreissch\u00fctzenverband Gifhorn e.V.","url":"https:\/\/www.ksv-gf.de\/","logo":{"@type":"ImageObject","inLanguage":"de","@id":"https:\/\/www.ksv-gf.de\/#\/schema\/logo\/image\/","url":"https:\/\/www.ksv-gf.de\/wp-content\/uploads\/2021\/05\/cropped-WAPPEN-KSV-GIFHORN_NEU.png","contentUrl":"https:\/\/www.ksv-gf.de\/wp-content\/uploads\/2021\/05\/cropped-WAPPEN-KSV-GIFHORN_NEU.png","width":204,"height":250,"caption":"Kreissch\u00fctzenverband Gifhorn e.V."},"image":{"@id":"https:\/\/www.ksv-gf.de\/#\/schema\/logo\/image\/"}},{"@type":"Person","@id":"https:\/\/www.ksv-gf.de\/#\/schema\/person\/10a352f94d1e73cf6ccd8c522ea359a2","name":"Iris Janz","image":{"@type":"ImageObject","inLanguage":"de","@id":"https:\/\/www.ksv-gf.de\/#\/schema\/person\/image\/","url":"https:\/\/secure.gravatar.com\/avatar\/7d71cc19381c9629163c6490ff0db56b749504739f84d6a1adb273bb7429d61d?s=96&d=mm&r=g","contentUrl":"https:\/\/secure.gravatar.com\/avatar\/7d71cc19381c9629163c6490ff0db56b749504739f84d6a1adb273bb7429d61d?s=96&d=mm&r=g","caption":"Iris Janz"},"url":"https:\/\/www.ksv-gf.de\/?author=5"}]}},"jetpack_featured_media_url":"","jetpack_sharing_enabled":true,"publishpress_future_action":{"enabled":false,"date":"2026-05-05 22:46:23","action":"change-status","newStatus":"draft","terms":[],"taxonomy":"category","extraData":[]},"publishpress_future_workflow_manual_trigger":{"enabledWorkflows":[]},"_links":{"self":[{"href":"https:\/\/www.ksv-gf.de\/index.php?rest_route=\/wp\/v2\/posts\/7147","targetHints":{"allow":["GET"]}}],"collection":[{"href":"https:\/\/www.ksv-gf.de\/index.php?rest_route=\/wp\/v2\/posts"}],"about":[{"href":"https:\/\/www.ksv-gf.de\/index.php?rest_route=\/wp\/v2\/types\/post"}],"author":[{"embeddable":true,"href":"https:\/\/www.ksv-gf.de\/index.php?rest_route=\/wp\/v2\/users\/5"}],"replies":[{"embeddable":true,"href":"https:\/\/www.ksv-gf.de\/index.php?rest_route=%2Fwp%2Fv2%2Fcomments&post=7147"}],"version-history":[{"count":1,"href":"https:\/\/www.ksv-gf.de\/index.php?rest_route=\/wp\/v2\/posts\/7147\/revisions"}],"predecessor-version":[{"id":7149,"href":"https:\/\/www.ksv-gf.de\/index.php?rest_route=\/wp\/v2\/posts\/7147\/revisions\/7149"}],"wp:attachment":[{"href":"https:\/\/www.ksv-gf.de\/index.php?rest_route=%2Fwp%2Fv2%2Fmedia&parent=7147"}],"wp:term":[{"taxonomy":"category","embeddable":true,"href":"https:\/\/www.ksv-gf.de\/index.php?rest_route=%2Fwp%2Fv2%2Fcategories&post=7147"},{"taxonomy":"post_tag","embeddable":true,"href":"https:\/\/www.ksv-gf.de\/index.php?rest_route=%2Fwp%2Fv2%2Ftags&post=7147"}],"curies":[{"name":"wp","href":"https:\/\/api.w.org\/{rel}","templated":true}]}}