{"id":7037,"date":"2024-11-02T19:59:30","date_gmt":"2024-11-02T18:59:30","guid":{"rendered":"https:\/\/www.ksv-gf.de\/?p=7037"},"modified":"2024-11-02T20:01:35","modified_gmt":"2024-11-02T19:01:35","slug":"neue-kreisdamenleiterin","status":"publish","type":"post","link":"https:\/\/www.ksv-gf.de\/?p=7037","title":{"rendered":"Neue Kreisdamenleiterin"},"content":{"rendered":"\n<p class=\"has-medium-font-size\">Uta Krizak einstimmig gew\u00e4hlt<\/p>\n\n\n\n<p class=\"has-small-font-size\"><strong>Text und Foto: Klaus-Dieter Oppermann<\/strong><\/p>\n\n\n<div class=\"wp-block-image\">\n<figure class=\"aligncenter size-full is-resized\"><img decoding=\"async\" width=\"663\" height=\"884\" data-src=\"https:\/\/www.ksv-gf.de\/wp-content\/uploads\/2024\/11\/Uta_inPixio.jpg\" alt=\"\" class=\"wp-image-7040 lazyload\" style=\"--smush-placeholder-width: 663px; --smush-placeholder-aspect-ratio: 663\/884;width:296px;height:auto\" data-srcset=\"https:\/\/www.ksv-gf.de\/wp-content\/uploads\/2024\/11\/Uta_inPixio.jpg 663w, https:\/\/www.ksv-gf.de\/wp-content\/uploads\/2024\/11\/Uta_inPixio-225x300.jpg 225w, https:\/\/www.ksv-gf.de\/wp-content\/uploads\/2024\/11\/Uta_inPixio-350x467.jpg 350w\" data-sizes=\"(max-width: 663px) 100vw, 663px\" src=\"data:image\/svg+xml;base64,PHN2ZyB3aWR0aD0iMSIgaGVpZ2h0PSIxIiB4bWxucz0iaHR0cDovL3d3dy53My5vcmcvMjAwMC9zdmciPjwvc3ZnPg==\" \/><\/figure>\n<\/div>\n\n\n<p>Das 54. Kreisdamentreffen war der richtige Rahmen, um eine neue Kreisdamenleiterin zu w\u00e4hlen, da die bisherige Damenleiterin Heike Denzer nach 23 Jahren f\u00fcr eine weitere Amtszeit nicht mehr zur Verf\u00fcgung stand.<\/p>\n\n\n\n<p>Uta Krizak wohnt in St\u00fcde, wo sie dem Sch\u00fctzenverein seit zwanzig Jahren angeh\u00f6rt. Seit 2007 leistet sie dort auch Vorstandsarbeit. Eine weitere Mitgliedschaft unterh\u00e4lt sie im Sch\u00fctzenverein Triangel, wo sie mit der 2. Luftgewehrmannschaft in der Bezirksliga Wolfsburg schie\u00dft. Sie ist verheiratet und hat zwei erwachsene Kinder.<\/p>\n\n\n\n<p>Seit 2006 ist sie im Besitz eines Waffensachkundenachweises, hat eine Lizenz zur Aufsicht beim Schie\u00dfen mit Feuerwaffen, ist gepr\u00fcfte Schie\u00dfsportleiterin und besitzt eine Jugendbasislizenz.<\/p>\n\n\n\n<p>Somit ist ihr die Tradition im Sch\u00fctzenwesen genau so wenig fremd, wie das Sportschie\u00dfen. Seit dem Fr\u00fchjahr dieses Jahres hat sie im Team um Heike Denzer, Sarah \u00dcsseler und Katja K\u00f6ritzer bereits mitgearbeitet.<\/p>\n\n\n\n<p>Einstimmig wurde sie zur Nachfolgerin von Heike Denzer von den anwesenden Damen aus dem Kreisverband gew\u00e4hlt.<\/p>\n\n\n\n<p><\/p>\n","protected":false},"excerpt":{"rendered":"<p>Uta Krizak einstimmig gew\u00e4hlt Text und Foto: Klaus-Dieter Oppermann Das 54. Kreisdamentreffen war der richtige Rahmen, um eine neue Kreisdamenleiterin zu w\u00e4hlen, da die bisherige Damenleiterin Heike Denzer nach 23 &hellip; <\/p>\n<p class=\"link-more\"><a href=\"https:\/\/www.ksv-gf.de\/?p=7037\" class=\"more-link\"><span class=\"screen-reader-text\">\u201eNeue Kreisdamenleiterin\u201c <\/span>weiterlesen<\/a><\/p>\n","protected":false},"author":3,"featured_media":0,"comment_status":"closed","ping_status":"closed","sticky":false,"template":"","format":"standard","meta":{"_jetpack_memberships_contains_paid_content":false,"footnotes":""},"categories":[69],"tags":[],"class_list":["post-7037","post","type-post","status-publish","format-standard","hentry","category-kreisdamentreffen"],"yoast_head":"<!-- This site is optimized with the Yoast SEO plugin v27.1.1 - https:\/\/yoast.com\/product\/yoast-seo-wordpress\/ -->\n<title>Neue Kreisdamenleiterin - KSV Gifhorn<\/title>\n<meta name=\"robots\" content=\"index, follow, max-snippet:-1, max-image-preview:large, max-video-preview:-1\" \/>\n<link rel=\"canonical\" href=\"https:\/\/www.ksv-gf.de\/?p=7037\" \/>\n<meta property=\"og:locale\" content=\"de_DE\" \/>\n<meta property=\"og:type\" content=\"article\" \/>\n<meta property=\"og:title\" content=\"Neue Kreisdamenleiterin - KSV Gifhorn\" \/>\n<meta property=\"og:description\" content=\"Uta Krizak einstimmig gew\u00e4hlt Text und Foto: Klaus-Dieter Oppermann Das 54. Kreisdamentreffen war der richtige Rahmen, um eine neue Kreisdamenleiterin zu w\u00e4hlen, da die bisherige Damenleiterin Heike Denzer nach 23 &hellip; \u201eNeue Kreisdamenleiterin\u201c weiterlesen\" \/>\n<meta property=\"og:url\" content=\"https:\/\/www.ksv-gf.de\/?p=7037\" \/>\n<meta property=\"og:site_name\" content=\"KSV Gifhorn\" \/>\n<meta property=\"article:published_time\" content=\"2024-11-02T18:59:30+00:00\" \/>\n<meta property=\"article:modified_time\" content=\"2024-11-02T19:01:35+00:00\" \/>\n<meta property=\"og:image\" content=\"https:\/\/www.ksv-gf.de\/wp-content\/uploads\/2024\/11\/Uta_inPixio.jpg\" \/>\n<meta name=\"author\" content=\"Klaus-Dieter Oppermann\" \/>\n<meta name=\"twitter:card\" content=\"summary_large_image\" \/>\n<meta name=\"twitter:label1\" content=\"Verfasst von\" \/>\n\t<meta name=\"twitter:data1\" content=\"Klaus-Dieter Oppermann\" \/>\n\t<meta name=\"twitter:label2\" content=\"Gesch\u00e4tzte Lesezeit\" \/>\n\t<meta name=\"twitter:data2\" content=\"2\u00a0Minuten\" \/>\n<script type=\"application\/ld+json\" class=\"yoast-schema-graph\">{\"@context\":\"https:\/\/schema.org\",\"@graph\":[{\"@type\":\"Article\",\"@id\":\"https:\/\/www.ksv-gf.de\/?p=7037#article\",\"isPartOf\":{\"@id\":\"https:\/\/www.ksv-gf.de\/?p=7037\"},\"author\":{\"name\":\"Klaus-Dieter Oppermann\",\"@id\":\"https:\/\/www.ksv-gf.de\/#\/schema\/person\/ad298515c60f1baa05c4160e8911b879\"},\"headline\":\"Neue Kreisdamenleiterin\",\"datePublished\":\"2024-11-02T18:59:30+00:00\",\"dateModified\":\"2024-11-02T19:01:35+00:00\",\"mainEntityOfPage\":{\"@id\":\"https:\/\/www.ksv-gf.de\/?p=7037\"},\"wordCount\":175,\"publisher\":{\"@id\":\"https:\/\/www.ksv-gf.de\/#organization\"},\"image\":{\"@id\":\"https:\/\/www.ksv-gf.de\/?p=7037#primaryimage\"},\"thumbnailUrl\":\"https:\/\/www.ksv-gf.de\/wp-content\/uploads\/2024\/11\/Uta_inPixio.jpg\",\"articleSection\":[\"Kreisdamentreffen\"],\"inLanguage\":\"de\"},{\"@type\":\"WebPage\",\"@id\":\"https:\/\/www.ksv-gf.de\/?p=7037\",\"url\":\"https:\/\/www.ksv-gf.de\/?p=7037\",\"name\":\"Neue Kreisdamenleiterin - KSV Gifhorn\",\"isPartOf\":{\"@id\":\"https:\/\/www.ksv-gf.de\/#website\"},\"primaryImageOfPage\":{\"@id\":\"https:\/\/www.ksv-gf.de\/?p=7037#primaryimage\"},\"image\":{\"@id\":\"https:\/\/www.ksv-gf.de\/?p=7037#primaryimage\"},\"thumbnailUrl\":\"https:\/\/www.ksv-gf.de\/wp-content\/uploads\/2024\/11\/Uta_inPixio.jpg\",\"datePublished\":\"2024-11-02T18:59:30+00:00\",\"dateModified\":\"2024-11-02T19:01:35+00:00\",\"breadcrumb\":{\"@id\":\"https:\/\/www.ksv-gf.de\/?p=7037#breadcrumb\"},\"inLanguage\":\"de\",\"potentialAction\":[{\"@type\":\"ReadAction\",\"target\":[\"https:\/\/www.ksv-gf.de\/?p=7037\"]}]},{\"@type\":\"ImageObject\",\"inLanguage\":\"de\",\"@id\":\"https:\/\/www.ksv-gf.de\/?p=7037#primaryimage\",\"url\":\"https:\/\/www.ksv-gf.de\/wp-content\/uploads\/2024\/11\/Uta_inPixio.jpg\",\"contentUrl\":\"https:\/\/www.ksv-gf.de\/wp-content\/uploads\/2024\/11\/Uta_inPixio.jpg\",\"width\":663,\"height\":884},{\"@type\":\"BreadcrumbList\",\"@id\":\"https:\/\/www.ksv-gf.de\/?p=7037#breadcrumb\",\"itemListElement\":[{\"@type\":\"ListItem\",\"position\":1,\"name\":\"Startseite\",\"item\":\"https:\/\/www.ksv-gf.de\/\"},{\"@type\":\"ListItem\",\"position\":2,\"name\":\"Neue Kreisdamenleiterin\"}]},{\"@type\":\"WebSite\",\"@id\":\"https:\/\/www.ksv-gf.de\/#website\",\"url\":\"https:\/\/www.ksv-gf.de\/\",\"name\":\"KSV Gifhorn\",\"description\":\"\",\"publisher\":{\"@id\":\"https:\/\/www.ksv-gf.de\/#organization\"},\"potentialAction\":[{\"@type\":\"SearchAction\",\"target\":{\"@type\":\"EntryPoint\",\"urlTemplate\":\"https:\/\/www.ksv-gf.de\/?s={search_term_string}\"},\"query-input\":{\"@type\":\"PropertyValueSpecification\",\"valueRequired\":true,\"valueName\":\"search_term_string\"}}],\"inLanguage\":\"de\"},{\"@type\":\"Organization\",\"@id\":\"https:\/\/www.ksv-gf.de\/#organization\",\"name\":\"Kreissch\u00fctzenverband Gifhorn e.V.\",\"url\":\"https:\/\/www.ksv-gf.de\/\",\"logo\":{\"@type\":\"ImageObject\",\"inLanguage\":\"de\",\"@id\":\"https:\/\/www.ksv-gf.de\/#\/schema\/logo\/image\/\",\"url\":\"https:\/\/www.ksv-gf.de\/wp-content\/uploads\/2021\/05\/cropped-WAPPEN-KSV-GIFHORN_NEU.png\",\"contentUrl\":\"https:\/\/www.ksv-gf.de\/wp-content\/uploads\/2021\/05\/cropped-WAPPEN-KSV-GIFHORN_NEU.png\",\"width\":204,\"height\":250,\"caption\":\"Kreissch\u00fctzenverband Gifhorn e.V.\"},\"image\":{\"@id\":\"https:\/\/www.ksv-gf.de\/#\/schema\/logo\/image\/\"}},{\"@type\":\"Person\",\"@id\":\"https:\/\/www.ksv-gf.de\/#\/schema\/person\/ad298515c60f1baa05c4160e8911b879\",\"name\":\"Klaus-Dieter Oppermann\",\"image\":{\"@type\":\"ImageObject\",\"inLanguage\":\"de\",\"@id\":\"https:\/\/www.ksv-gf.de\/#\/schema\/person\/image\/\",\"url\":\"https:\/\/secure.gravatar.com\/avatar\/ffc924b10e7b514dc121f031395016bbfc9a28920c896d84510adfcaec4466c6?s=96&d=mm&r=g\",\"contentUrl\":\"https:\/\/secure.gravatar.com\/avatar\/ffc924b10e7b514dc121f031395016bbfc9a28920c896d84510adfcaec4466c6?s=96&d=mm&r=g\",\"caption\":\"Klaus-Dieter Oppermann\"},\"url\":\"https:\/\/www.ksv-gf.de\/?author=3\"}]}<\/script>\n<!-- \/ Yoast SEO plugin. -->","yoast_head_json":{"title":"Neue Kreisdamenleiterin - KSV Gifhorn","robots":{"index":"index","follow":"follow","max-snippet":"max-snippet:-1","max-image-preview":"max-image-preview:large","max-video-preview":"max-video-preview:-1"},"canonical":"https:\/\/www.ksv-gf.de\/?p=7037","og_locale":"de_DE","og_type":"article","og_title":"Neue Kreisdamenleiterin - KSV Gifhorn","og_description":"Uta Krizak einstimmig gew\u00e4hlt Text und Foto: Klaus-Dieter Oppermann Das 54. Kreisdamentreffen war der richtige Rahmen, um eine neue Kreisdamenleiterin zu w\u00e4hlen, da die bisherige Damenleiterin Heike Denzer nach 23 &hellip; \u201eNeue Kreisdamenleiterin\u201c weiterlesen","og_url":"https:\/\/www.ksv-gf.de\/?p=7037","og_site_name":"KSV Gifhorn","article_published_time":"2024-11-02T18:59:30+00:00","article_modified_time":"2024-11-02T19:01:35+00:00","og_image":[{"url":"https:\/\/www.ksv-gf.de\/wp-content\/uploads\/2024\/11\/Uta_inPixio.jpg","type":"","width":"","height":""}],"author":"Klaus-Dieter Oppermann","twitter_card":"summary_large_image","twitter_misc":{"Verfasst von":"Klaus-Dieter Oppermann","Gesch\u00e4tzte Lesezeit":"2\u00a0Minuten"},"schema":{"@context":"https:\/\/schema.org","@graph":[{"@type":"Article","@id":"https:\/\/www.ksv-gf.de\/?p=7037#article","isPartOf":{"@id":"https:\/\/www.ksv-gf.de\/?p=7037"},"author":{"name":"Klaus-Dieter Oppermann","@id":"https:\/\/www.ksv-gf.de\/#\/schema\/person\/ad298515c60f1baa05c4160e8911b879"},"headline":"Neue Kreisdamenleiterin","datePublished":"2024-11-02T18:59:30+00:00","dateModified":"2024-11-02T19:01:35+00:00","mainEntityOfPage":{"@id":"https:\/\/www.ksv-gf.de\/?p=7037"},"wordCount":175,"publisher":{"@id":"https:\/\/www.ksv-gf.de\/#organization"},"image":{"@id":"https:\/\/www.ksv-gf.de\/?p=7037#primaryimage"},"thumbnailUrl":"https:\/\/www.ksv-gf.de\/wp-content\/uploads\/2024\/11\/Uta_inPixio.jpg","articleSection":["Kreisdamentreffen"],"inLanguage":"de"},{"@type":"WebPage","@id":"https:\/\/www.ksv-gf.de\/?p=7037","url":"https:\/\/www.ksv-gf.de\/?p=7037","name":"Neue Kreisdamenleiterin - KSV Gifhorn","isPartOf":{"@id":"https:\/\/www.ksv-gf.de\/#website"},"primaryImageOfPage":{"@id":"https:\/\/www.ksv-gf.de\/?p=7037#primaryimage"},"image":{"@id":"https:\/\/www.ksv-gf.de\/?p=7037#primaryimage"},"thumbnailUrl":"https:\/\/www.ksv-gf.de\/wp-content\/uploads\/2024\/11\/Uta_inPixio.jpg","datePublished":"2024-11-02T18:59:30+00:00","dateModified":"2024-11-02T19:01:35+00:00","breadcrumb":{"@id":"https:\/\/www.ksv-gf.de\/?p=7037#breadcrumb"},"inLanguage":"de","potentialAction":[{"@type":"ReadAction","target":["https:\/\/www.ksv-gf.de\/?p=7037"]}]},{"@type":"ImageObject","inLanguage":"de","@id":"https:\/\/www.ksv-gf.de\/?p=7037#primaryimage","url":"https:\/\/www.ksv-gf.de\/wp-content\/uploads\/2024\/11\/Uta_inPixio.jpg","contentUrl":"https:\/\/www.ksv-gf.de\/wp-content\/uploads\/2024\/11\/Uta_inPixio.jpg","width":663,"height":884},{"@type":"BreadcrumbList","@id":"https:\/\/www.ksv-gf.de\/?p=7037#breadcrumb","itemListElement":[{"@type":"ListItem","position":1,"name":"Startseite","item":"https:\/\/www.ksv-gf.de\/"},{"@type":"ListItem","position":2,"name":"Neue Kreisdamenleiterin"}]},{"@type":"WebSite","@id":"https:\/\/www.ksv-gf.de\/#website","url":"https:\/\/www.ksv-gf.de\/","name":"KSV Gifhorn","description":"","publisher":{"@id":"https:\/\/www.ksv-gf.de\/#organization"},"potentialAction":[{"@type":"SearchAction","target":{"@type":"EntryPoint","urlTemplate":"https:\/\/www.ksv-gf.de\/?s={search_term_string}"},"query-input":{"@type":"PropertyValueSpecification","valueRequired":true,"valueName":"search_term_string"}}],"inLanguage":"de"},{"@type":"Organization","@id":"https:\/\/www.ksv-gf.de\/#organization","name":"Kreissch\u00fctzenverband Gifhorn e.V.","url":"https:\/\/www.ksv-gf.de\/","logo":{"@type":"ImageObject","inLanguage":"de","@id":"https:\/\/www.ksv-gf.de\/#\/schema\/logo\/image\/","url":"https:\/\/www.ksv-gf.de\/wp-content\/uploads\/2021\/05\/cropped-WAPPEN-KSV-GIFHORN_NEU.png","contentUrl":"https:\/\/www.ksv-gf.de\/wp-content\/uploads\/2021\/05\/cropped-WAPPEN-KSV-GIFHORN_NEU.png","width":204,"height":250,"caption":"Kreissch\u00fctzenverband Gifhorn e.V."},"image":{"@id":"https:\/\/www.ksv-gf.de\/#\/schema\/logo\/image\/"}},{"@type":"Person","@id":"https:\/\/www.ksv-gf.de\/#\/schema\/person\/ad298515c60f1baa05c4160e8911b879","name":"Klaus-Dieter Oppermann","image":{"@type":"ImageObject","inLanguage":"de","@id":"https:\/\/www.ksv-gf.de\/#\/schema\/person\/image\/","url":"https:\/\/secure.gravatar.com\/avatar\/ffc924b10e7b514dc121f031395016bbfc9a28920c896d84510adfcaec4466c6?s=96&d=mm&r=g","contentUrl":"https:\/\/secure.gravatar.com\/avatar\/ffc924b10e7b514dc121f031395016bbfc9a28920c896d84510adfcaec4466c6?s=96&d=mm&r=g","caption":"Klaus-Dieter Oppermann"},"url":"https:\/\/www.ksv-gf.de\/?author=3"}]}},"jetpack_featured_media_url":"","jetpack_sharing_enabled":true,"publishpress_future_action":{"enabled":false,"date":"2026-05-09 07:09:25","action":"change-status","newStatus":"draft","terms":[],"taxonomy":"category","extraData":[]},"publishpress_future_workflow_manual_trigger":{"enabledWorkflows":[]},"_links":{"self":[{"href":"https:\/\/www.ksv-gf.de\/index.php?rest_route=\/wp\/v2\/posts\/7037","targetHints":{"allow":["GET"]}}],"collection":[{"href":"https:\/\/www.ksv-gf.de\/index.php?rest_route=\/wp\/v2\/posts"}],"about":[{"href":"https:\/\/www.ksv-gf.de\/index.php?rest_route=\/wp\/v2\/types\/post"}],"author":[{"embeddable":true,"href":"https:\/\/www.ksv-gf.de\/index.php?rest_route=\/wp\/v2\/users\/3"}],"replies":[{"embeddable":true,"href":"https:\/\/www.ksv-gf.de\/index.php?rest_route=%2Fwp%2Fv2%2Fcomments&post=7037"}],"version-history":[{"count":4,"href":"https:\/\/www.ksv-gf.de\/index.php?rest_route=\/wp\/v2\/posts\/7037\/revisions"}],"predecessor-version":[{"id":7042,"href":"https:\/\/www.ksv-gf.de\/index.php?rest_route=\/wp\/v2\/posts\/7037\/revisions\/7042"}],"wp:attachment":[{"href":"https:\/\/www.ksv-gf.de\/index.php?rest_route=%2Fwp%2Fv2%2Fmedia&parent=7037"}],"wp:term":[{"taxonomy":"category","embeddable":true,"href":"https:\/\/www.ksv-gf.de\/index.php?rest_route=%2Fwp%2Fv2%2Fcategories&post=7037"},{"taxonomy":"post_tag","embeddable":true,"href":"https:\/\/www.ksv-gf.de\/index.php?rest_route=%2Fwp%2Fv2%2Ftags&post=7037"}],"curies":[{"name":"wp","href":"https:\/\/api.w.org\/{rel}","templated":true}]}}