{"id":481,"date":"2019-11-21T02:40:32","date_gmt":"2019-11-21T01:40:32","guid":{"rendered":"https:\/\/www.ksv-gf.de\/?p=481"},"modified":"2019-11-21T02:40:33","modified_gmt":"2019-11-21T01:40:33","slug":"neue-stellvertretende-kreisdamenleiterin","status":"publish","type":"post","link":"https:\/\/www.ksv-gf.de\/?p=481","title":{"rendered":"Neue stellvertretende Kreisdamenleiterin"},"content":{"rendered":"\n<p><\/p>\n\n\n\n<p>Foto und Text: Klaus-Dieter Oppermann<\/p>\n\n\n\n<figure class=\"wp-block-image\"><img decoding=\"async\" data-src=\"http:\/\/www.ksv-gifhorn.de\/Bilder\/Damentreffen2019\/DSC_0576-1g.jpg\" alt=\"\" src=\"data:image\/svg+xml;base64,PHN2ZyB3aWR0aD0iMSIgaGVpZ2h0PSIxIiB4bWxucz0iaHR0cDovL3d3dy53My5vcmcvMjAwMC9zdmciPjwvc3ZnPg==\" class=\"lazyload\" \/><\/figure>\n\n\n\n<p><strong>Sarah Lorenz nach der Wahl<\/strong><\/p>\n\n\n\n<p>Im Verlauf des 50. Kreisdamentreffens wurde Sarah Lorenz vom  Schie\u00dfclub &#8222;Eichh\u00f6rnchen Eickhorst&#8220; zur neuen stellvertretenden  Kreisdamenleiterin gew\u00e4hlt. Wobei sie sich \u00fcber ein einstimmiges Votum  freuen kann. Sie tritt an die Stelle von Karla Prause, die das Amt aus privaten Gr\u00fcnden zur Verf\u00fcgung  gestellt hatte. Sarah wird ab sofort das Team um Heike Denzer  verst\u00e4rken.  <\/p>\n","protected":false},"excerpt":{"rendered":"<p>Foto und Text: Klaus-Dieter Oppermann Sarah Lorenz nach der Wahl Im Verlauf des 50. Kreisdamentreffens wurde Sarah Lorenz vom Schie\u00dfclub &#8222;Eichh\u00f6rnchen Eickhorst&#8220; zur neuen stellvertretenden Kreisdamenleiterin gew\u00e4hlt. Wobei sie sich &hellip; <\/p>\n<p class=\"link-more\"><a href=\"https:\/\/www.ksv-gf.de\/?p=481\" class=\"more-link\"><span class=\"screen-reader-text\">\u201eNeue stellvertretende Kreisdamenleiterin\u201c <\/span>weiterlesen<\/a><\/p>\n","protected":false},"author":1,"featured_media":0,"comment_status":"closed","ping_status":"closed","sticky":false,"template":"","format":"standard","meta":{"_jetpack_memberships_contains_paid_content":false,"footnotes":""},"categories":[1],"tags":[],"class_list":["post-481","post","type-post","status-publish","format-standard","hentry","category-uncategorized"],"yoast_head":"<!-- This site is optimized with the Yoast SEO plugin v27.1.1 - https:\/\/yoast.com\/product\/yoast-seo-wordpress\/ -->\n<title>Neue stellvertretende Kreisdamenleiterin - KSV Gifhorn<\/title>\n<meta name=\"robots\" content=\"index, follow, max-snippet:-1, max-image-preview:large, max-video-preview:-1\" \/>\n<link rel=\"canonical\" href=\"https:\/\/www.ksv-gf.de\/?p=481\" \/>\n<meta property=\"og:locale\" content=\"de_DE\" \/>\n<meta property=\"og:type\" content=\"article\" \/>\n<meta property=\"og:title\" content=\"Neue stellvertretende Kreisdamenleiterin - KSV Gifhorn\" \/>\n<meta property=\"og:description\" content=\"Foto und Text: Klaus-Dieter Oppermann Sarah Lorenz nach der Wahl Im Verlauf des 50. Kreisdamentreffens wurde Sarah Lorenz vom Schie\u00dfclub &#8222;Eichh\u00f6rnchen Eickhorst&#8220; zur neuen stellvertretenden Kreisdamenleiterin gew\u00e4hlt. Wobei sie sich &hellip; \u201eNeue stellvertretende Kreisdamenleiterin\u201c weiterlesen\" \/>\n<meta property=\"og:url\" content=\"https:\/\/www.ksv-gf.de\/?p=481\" \/>\n<meta property=\"og:site_name\" content=\"KSV Gifhorn\" \/>\n<meta property=\"article:published_time\" content=\"2019-11-21T01:40:32+00:00\" \/>\n<meta property=\"article:modified_time\" content=\"2019-11-21T01:40:33+00:00\" \/>\n<meta property=\"og:image\" content=\"http:\/\/www.ksv-gifhorn.de\/Bilder\/Damentreffen2019\/DSC_0576-1g.jpg\" \/>\n<meta name=\"author\" content=\"admin\" \/>\n<meta name=\"twitter:card\" content=\"summary_large_image\" \/>\n<meta name=\"twitter:label1\" content=\"Verfasst von\" \/>\n\t<meta name=\"twitter:data1\" content=\"admin\" \/>\n<script type=\"application\/ld+json\" class=\"yoast-schema-graph\">{\"@context\":\"https:\/\/schema.org\",\"@graph\":[{\"@type\":\"Article\",\"@id\":\"https:\/\/www.ksv-gf.de\/?p=481#article\",\"isPartOf\":{\"@id\":\"https:\/\/www.ksv-gf.de\/?p=481\"},\"author\":{\"name\":\"admin\",\"@id\":\"https:\/\/www.ksv-gf.de\/#\/schema\/person\/fbe636c67ec1ff98950697ad16952813\"},\"headline\":\"Neue stellvertretende Kreisdamenleiterin\",\"datePublished\":\"2019-11-21T01:40:32+00:00\",\"dateModified\":\"2019-11-21T01:40:33+00:00\",\"mainEntityOfPage\":{\"@id\":\"https:\/\/www.ksv-gf.de\/?p=481\"},\"wordCount\":72,\"publisher\":{\"@id\":\"https:\/\/www.ksv-gf.de\/#organization\"},\"image\":{\"@id\":\"https:\/\/www.ksv-gf.de\/?p=481#primaryimage\"},\"thumbnailUrl\":\"http:\/\/www.ksv-gifhorn.de\/Bilder\/Damentreffen2019\/DSC_0576-1g.jpg\",\"articleSection\":[\"Uncategorized\"],\"inLanguage\":\"de\"},{\"@type\":\"WebPage\",\"@id\":\"https:\/\/www.ksv-gf.de\/?p=481\",\"url\":\"https:\/\/www.ksv-gf.de\/?p=481\",\"name\":\"Neue stellvertretende Kreisdamenleiterin - KSV Gifhorn\",\"isPartOf\":{\"@id\":\"https:\/\/www.ksv-gf.de\/#website\"},\"primaryImageOfPage\":{\"@id\":\"https:\/\/www.ksv-gf.de\/?p=481#primaryimage\"},\"image\":{\"@id\":\"https:\/\/www.ksv-gf.de\/?p=481#primaryimage\"},\"thumbnailUrl\":\"http:\/\/www.ksv-gifhorn.de\/Bilder\/Damentreffen2019\/DSC_0576-1g.jpg\",\"datePublished\":\"2019-11-21T01:40:32+00:00\",\"dateModified\":\"2019-11-21T01:40:33+00:00\",\"breadcrumb\":{\"@id\":\"https:\/\/www.ksv-gf.de\/?p=481#breadcrumb\"},\"inLanguage\":\"de\",\"potentialAction\":[{\"@type\":\"ReadAction\",\"target\":[\"https:\/\/www.ksv-gf.de\/?p=481\"]}]},{\"@type\":\"ImageObject\",\"inLanguage\":\"de\",\"@id\":\"https:\/\/www.ksv-gf.de\/?p=481#primaryimage\",\"url\":\"http:\/\/www.ksv-gifhorn.de\/Bilder\/Damentreffen2019\/DSC_0576-1g.jpg\",\"contentUrl\":\"http:\/\/www.ksv-gifhorn.de\/Bilder\/Damentreffen2019\/DSC_0576-1g.jpg\"},{\"@type\":\"BreadcrumbList\",\"@id\":\"https:\/\/www.ksv-gf.de\/?p=481#breadcrumb\",\"itemListElement\":[{\"@type\":\"ListItem\",\"position\":1,\"name\":\"Startseite\",\"item\":\"https:\/\/www.ksv-gf.de\/\"},{\"@type\":\"ListItem\",\"position\":2,\"name\":\"Neue stellvertretende Kreisdamenleiterin\"}]},{\"@type\":\"WebSite\",\"@id\":\"https:\/\/www.ksv-gf.de\/#website\",\"url\":\"https:\/\/www.ksv-gf.de\/\",\"name\":\"KSV Gifhorn\",\"description\":\"\",\"publisher\":{\"@id\":\"https:\/\/www.ksv-gf.de\/#organization\"},\"potentialAction\":[{\"@type\":\"SearchAction\",\"target\":{\"@type\":\"EntryPoint\",\"urlTemplate\":\"https:\/\/www.ksv-gf.de\/?s={search_term_string}\"},\"query-input\":{\"@type\":\"PropertyValueSpecification\",\"valueRequired\":true,\"valueName\":\"search_term_string\"}}],\"inLanguage\":\"de\"},{\"@type\":\"Organization\",\"@id\":\"https:\/\/www.ksv-gf.de\/#organization\",\"name\":\"Kreissch\u00fctzenverband Gifhorn e.V.\",\"url\":\"https:\/\/www.ksv-gf.de\/\",\"logo\":{\"@type\":\"ImageObject\",\"inLanguage\":\"de\",\"@id\":\"https:\/\/www.ksv-gf.de\/#\/schema\/logo\/image\/\",\"url\":\"https:\/\/www.ksv-gf.de\/wp-content\/uploads\/2021\/05\/cropped-WAPPEN-KSV-GIFHORN_NEU.png\",\"contentUrl\":\"https:\/\/www.ksv-gf.de\/wp-content\/uploads\/2021\/05\/cropped-WAPPEN-KSV-GIFHORN_NEU.png\",\"width\":204,\"height\":250,\"caption\":\"Kreissch\u00fctzenverband Gifhorn e.V.\"},\"image\":{\"@id\":\"https:\/\/www.ksv-gf.de\/#\/schema\/logo\/image\/\"}},{\"@type\":\"Person\",\"@id\":\"https:\/\/www.ksv-gf.de\/#\/schema\/person\/fbe636c67ec1ff98950697ad16952813\",\"name\":\"admin\",\"image\":{\"@type\":\"ImageObject\",\"inLanguage\":\"de\",\"@id\":\"https:\/\/www.ksv-gf.de\/#\/schema\/person\/image\/\",\"url\":\"https:\/\/secure.gravatar.com\/avatar\/698b75116bf8930ea391c6135e06fcb2e3d7c7c99e34a93bfdad8fdb3b5c1baa?s=96&d=mm&r=g\",\"contentUrl\":\"https:\/\/secure.gravatar.com\/avatar\/698b75116bf8930ea391c6135e06fcb2e3d7c7c99e34a93bfdad8fdb3b5c1baa?s=96&d=mm&r=g\",\"caption\":\"admin\"},\"url\":\"https:\/\/www.ksv-gf.de\/?author=1\"}]}<\/script>\n<!-- \/ Yoast SEO plugin. -->","yoast_head_json":{"title":"Neue stellvertretende Kreisdamenleiterin - KSV Gifhorn","robots":{"index":"index","follow":"follow","max-snippet":"max-snippet:-1","max-image-preview":"max-image-preview:large","max-video-preview":"max-video-preview:-1"},"canonical":"https:\/\/www.ksv-gf.de\/?p=481","og_locale":"de_DE","og_type":"article","og_title":"Neue stellvertretende Kreisdamenleiterin - KSV Gifhorn","og_description":"Foto und Text: Klaus-Dieter Oppermann Sarah Lorenz nach der Wahl Im Verlauf des 50. Kreisdamentreffens wurde Sarah Lorenz vom Schie\u00dfclub &#8222;Eichh\u00f6rnchen Eickhorst&#8220; zur neuen stellvertretenden Kreisdamenleiterin gew\u00e4hlt. Wobei sie sich &hellip; \u201eNeue stellvertretende Kreisdamenleiterin\u201c weiterlesen","og_url":"https:\/\/www.ksv-gf.de\/?p=481","og_site_name":"KSV Gifhorn","article_published_time":"2019-11-21T01:40:32+00:00","article_modified_time":"2019-11-21T01:40:33+00:00","og_image":[{"url":"http:\/\/www.ksv-gifhorn.de\/Bilder\/Damentreffen2019\/DSC_0576-1g.jpg","type":"","width":"","height":""}],"author":"admin","twitter_card":"summary_large_image","twitter_misc":{"Verfasst von":"admin"},"schema":{"@context":"https:\/\/schema.org","@graph":[{"@type":"Article","@id":"https:\/\/www.ksv-gf.de\/?p=481#article","isPartOf":{"@id":"https:\/\/www.ksv-gf.de\/?p=481"},"author":{"name":"admin","@id":"https:\/\/www.ksv-gf.de\/#\/schema\/person\/fbe636c67ec1ff98950697ad16952813"},"headline":"Neue stellvertretende Kreisdamenleiterin","datePublished":"2019-11-21T01:40:32+00:00","dateModified":"2019-11-21T01:40:33+00:00","mainEntityOfPage":{"@id":"https:\/\/www.ksv-gf.de\/?p=481"},"wordCount":72,"publisher":{"@id":"https:\/\/www.ksv-gf.de\/#organization"},"image":{"@id":"https:\/\/www.ksv-gf.de\/?p=481#primaryimage"},"thumbnailUrl":"http:\/\/www.ksv-gifhorn.de\/Bilder\/Damentreffen2019\/DSC_0576-1g.jpg","articleSection":["Uncategorized"],"inLanguage":"de"},{"@type":"WebPage","@id":"https:\/\/www.ksv-gf.de\/?p=481","url":"https:\/\/www.ksv-gf.de\/?p=481","name":"Neue stellvertretende Kreisdamenleiterin - KSV Gifhorn","isPartOf":{"@id":"https:\/\/www.ksv-gf.de\/#website"},"primaryImageOfPage":{"@id":"https:\/\/www.ksv-gf.de\/?p=481#primaryimage"},"image":{"@id":"https:\/\/www.ksv-gf.de\/?p=481#primaryimage"},"thumbnailUrl":"http:\/\/www.ksv-gifhorn.de\/Bilder\/Damentreffen2019\/DSC_0576-1g.jpg","datePublished":"2019-11-21T01:40:32+00:00","dateModified":"2019-11-21T01:40:33+00:00","breadcrumb":{"@id":"https:\/\/www.ksv-gf.de\/?p=481#breadcrumb"},"inLanguage":"de","potentialAction":[{"@type":"ReadAction","target":["https:\/\/www.ksv-gf.de\/?p=481"]}]},{"@type":"ImageObject","inLanguage":"de","@id":"https:\/\/www.ksv-gf.de\/?p=481#primaryimage","url":"http:\/\/www.ksv-gifhorn.de\/Bilder\/Damentreffen2019\/DSC_0576-1g.jpg","contentUrl":"http:\/\/www.ksv-gifhorn.de\/Bilder\/Damentreffen2019\/DSC_0576-1g.jpg"},{"@type":"BreadcrumbList","@id":"https:\/\/www.ksv-gf.de\/?p=481#breadcrumb","itemListElement":[{"@type":"ListItem","position":1,"name":"Startseite","item":"https:\/\/www.ksv-gf.de\/"},{"@type":"ListItem","position":2,"name":"Neue stellvertretende Kreisdamenleiterin"}]},{"@type":"WebSite","@id":"https:\/\/www.ksv-gf.de\/#website","url":"https:\/\/www.ksv-gf.de\/","name":"KSV Gifhorn","description":"","publisher":{"@id":"https:\/\/www.ksv-gf.de\/#organization"},"potentialAction":[{"@type":"SearchAction","target":{"@type":"EntryPoint","urlTemplate":"https:\/\/www.ksv-gf.de\/?s={search_term_string}"},"query-input":{"@type":"PropertyValueSpecification","valueRequired":true,"valueName":"search_term_string"}}],"inLanguage":"de"},{"@type":"Organization","@id":"https:\/\/www.ksv-gf.de\/#organization","name":"Kreissch\u00fctzenverband Gifhorn e.V.","url":"https:\/\/www.ksv-gf.de\/","logo":{"@type":"ImageObject","inLanguage":"de","@id":"https:\/\/www.ksv-gf.de\/#\/schema\/logo\/image\/","url":"https:\/\/www.ksv-gf.de\/wp-content\/uploads\/2021\/05\/cropped-WAPPEN-KSV-GIFHORN_NEU.png","contentUrl":"https:\/\/www.ksv-gf.de\/wp-content\/uploads\/2021\/05\/cropped-WAPPEN-KSV-GIFHORN_NEU.png","width":204,"height":250,"caption":"Kreissch\u00fctzenverband Gifhorn e.V."},"image":{"@id":"https:\/\/www.ksv-gf.de\/#\/schema\/logo\/image\/"}},{"@type":"Person","@id":"https:\/\/www.ksv-gf.de\/#\/schema\/person\/fbe636c67ec1ff98950697ad16952813","name":"admin","image":{"@type":"ImageObject","inLanguage":"de","@id":"https:\/\/www.ksv-gf.de\/#\/schema\/person\/image\/","url":"https:\/\/secure.gravatar.com\/avatar\/698b75116bf8930ea391c6135e06fcb2e3d7c7c99e34a93bfdad8fdb3b5c1baa?s=96&d=mm&r=g","contentUrl":"https:\/\/secure.gravatar.com\/avatar\/698b75116bf8930ea391c6135e06fcb2e3d7c7c99e34a93bfdad8fdb3b5c1baa?s=96&d=mm&r=g","caption":"admin"},"url":"https:\/\/www.ksv-gf.de\/?author=1"}]}},"jetpack_featured_media_url":"","jetpack_sharing_enabled":true,"publishpress_future_action":{"enabled":false,"date":"2026-05-04 22:34:20","action":"change-status","newStatus":"draft","terms":[],"taxonomy":"category","extraData":[]},"publishpress_future_workflow_manual_trigger":{"enabledWorkflows":[]},"_links":{"self":[{"href":"https:\/\/www.ksv-gf.de\/index.php?rest_route=\/wp\/v2\/posts\/481","targetHints":{"allow":["GET"]}}],"collection":[{"href":"https:\/\/www.ksv-gf.de\/index.php?rest_route=\/wp\/v2\/posts"}],"about":[{"href":"https:\/\/www.ksv-gf.de\/index.php?rest_route=\/wp\/v2\/types\/post"}],"author":[{"embeddable":true,"href":"https:\/\/www.ksv-gf.de\/index.php?rest_route=\/wp\/v2\/users\/1"}],"replies":[{"embeddable":true,"href":"https:\/\/www.ksv-gf.de\/index.php?rest_route=%2Fwp%2Fv2%2Fcomments&post=481"}],"version-history":[{"count":1,"href":"https:\/\/www.ksv-gf.de\/index.php?rest_route=\/wp\/v2\/posts\/481\/revisions"}],"predecessor-version":[{"id":482,"href":"https:\/\/www.ksv-gf.de\/index.php?rest_route=\/wp\/v2\/posts\/481\/revisions\/482"}],"wp:attachment":[{"href":"https:\/\/www.ksv-gf.de\/index.php?rest_route=%2Fwp%2Fv2%2Fmedia&parent=481"}],"wp:term":[{"taxonomy":"category","embeddable":true,"href":"https:\/\/www.ksv-gf.de\/index.php?rest_route=%2Fwp%2Fv2%2Fcategories&post=481"},{"taxonomy":"post_tag","embeddable":true,"href":"https:\/\/www.ksv-gf.de\/index.php?rest_route=%2Fwp%2Fv2%2Ftags&post=481"}],"curies":[{"name":"wp","href":"https:\/\/api.w.org\/{rel}","templated":true}]}}