{"id":479,"date":"2019-11-21T02:40:04","date_gmt":"2019-11-21T01:40:04","guid":{"rendered":"https:\/\/www.ksv-gf.de\/?p=479"},"modified":"2019-11-21T02:40:05","modified_gmt":"2019-11-21T01:40:05","slug":"15-neue-schiesssportleiter","status":"publish","type":"post","link":"https:\/\/www.ksv-gf.de\/?p=479","title":{"rendered":"15 neue Schie\u00dfsportleiter"},"content":{"rendered":"\n<p><\/p>\n\n\n\n<p>Foto und Text: Bernd Behrens<\/p>\n\n\n\n<figure class=\"wp-block-image\"><img decoding=\"async\" data-src=\"http:\/\/www.ksv-gifhorn.de\/Bilder\/Gru\u00dfendorf-SSL-2019-4k.JPG\" alt=\"\" src=\"data:image\/svg+xml;base64,PHN2ZyB3aWR0aD0iMSIgaGVpZ2h0PSIxIiB4bWxucz0iaHR0cDovL3d3dy53My5vcmcvMjAwMC9zdmciPjwvc3ZnPg==\" class=\"lazyload\" \/><\/figure>\n\n\n\n<blockquote class=\"wp-block-quote is-layout-flow wp-block-quote-is-layout-flow\"><p>Am Wochenende war die Pr\u00fcfung f\u00fcr 15 Sch\u00fctzinnen und\nSch\u00fctzen die nach 40 Unterrichtseinheiten sich dem Pr\u00fcfer stellten um die\nSchie\u00dfsportleiterlizenz zu erhalten. \u201eIhr habt euren Lehrgang alle bestanden\nund zwar so gut dass keiner in eine m\u00fcndliche Pr\u00fcfung muss\u201c, freut sich\nPr\u00fcfer Reinhard Zimmermann. Die neuen Schie\u00dfsportleiter m\u00fcssen sich mit\nder Sportordnung auskennen um Fragen schnell zu beantworten. Es geh\u00f6rt\ndazu auch die Planung und Durchf\u00fchrung von Schie\u00dfsportveranstaltungen, die\nAufsicht beim Schie\u00dfen und dass die gesetzlichen Bestimmungen eingehalten\nwerden. Auch der Gru\u00dfendorfer Vorsitzende Peter Schillberg hat vor Jahren\nden Lehrgang gemacht und freut sich \u00fcber das Ergebnis. Den Gl\u00fcckw\u00fcnschen\nschloss sich auch der Kreisvorsitzende Uwe Weimann an: \u201eDas zeigt euer\nInteresse am Schie\u00dfsport und f\u00f6rdert ihn weiterhin\u201c. Die ist auch eine sehr\ngute Leistung der Lehrgangsleiterin Iris Janz mir ihrem Team, lobte Weimann.\nF\u00fcr das leibliche Wohl der Teilnehmer sorgte das Team um Nora D\u00f6rge.\nTeilgenommen haben:    <\/p><\/blockquote>\n\n\n\n<figure class=\"wp-block-table\"><table class=\"\"><tbody><tr><td>Arne Camehl<\/td><td>Dannenb\u00fcttel<\/td><\/tr><tr><td>Marcel Licht<\/td><td>Gamsen<\/td><\/tr><tr><td>Christoph Keller<\/td><td>Gro\u00df Schw\u00fclper<\/td><\/tr><tr><td>Ines Langeheine<\/td><td>Gru\u00dfendorf<\/td><\/tr><tr><td>Marc Jablonski<\/td><td>Gru\u00dfendorf<\/td><\/tr><tr><td>Markus Cordes<\/td><td>Gru\u00dfendorf<\/td><\/tr><tr><td>Bj\u00f6rn Schlepps<\/td><td>M\u00fcden-Dieckhorst<\/td><\/tr><tr><td>Tobias Lange<\/td><td>P\u00e4se<\/td><\/tr><tr><td>Gabriela M\u00fcller<\/td><td>R\u00f6tgesb\u00fcttel<\/td><\/tr><tr><td>Hans-J\u00f6rg Ehlers<\/td><td>USK Gifhorn<\/td><\/tr><tr><td>Frank Holste<\/td><td>Vollb\u00fcttel<\/td><\/tr><tr><td>Rouven Weiss<\/td><td>Wasb\u00fcttel<\/td><\/tr><tr><td>Nadine Wilhelm<\/td><td>Wesendorf<\/td><\/tr><tr><td>Sebastian Ruschitzka<\/td><td>Wesendorf<\/td><\/tr><tr><td>Gerd Sprung<\/td><td>Wettmershagen<\/td><\/tr><\/tbody><\/table><\/figure>\n","protected":false},"excerpt":{"rendered":"<p>Foto und Text: Bernd Behrens Am Wochenende war die Pr\u00fcfung f\u00fcr 15 Sch\u00fctzinnen und Sch\u00fctzen die nach 40 Unterrichtseinheiten sich dem Pr\u00fcfer stellten um die Schie\u00dfsportleiterlizenz zu erhalten. \u201eIhr habt &hellip; <\/p>\n<p class=\"link-more\"><a href=\"https:\/\/www.ksv-gf.de\/?p=479\" class=\"more-link\"><span class=\"screen-reader-text\">\u201e15 neue Schie\u00dfsportleiter\u201c <\/span>weiterlesen<\/a><\/p>\n","protected":false},"author":1,"featured_media":0,"comment_status":"closed","ping_status":"closed","sticky":false,"template":"","format":"standard","meta":{"_jetpack_memberships_contains_paid_content":false,"footnotes":""},"categories":[1],"tags":[],"class_list":["post-479","post","type-post","status-publish","format-standard","hentry","category-uncategorized"],"yoast_head":"<!-- This site is optimized with the Yoast SEO plugin v27.1.1 - https:\/\/yoast.com\/product\/yoast-seo-wordpress\/ -->\n<title>15 neue Schie\u00dfsportleiter - KSV Gifhorn<\/title>\n<meta name=\"robots\" content=\"index, follow, max-snippet:-1, max-image-preview:large, max-video-preview:-1\" \/>\n<link rel=\"canonical\" href=\"https:\/\/www.ksv-gf.de\/?p=479\" \/>\n<meta property=\"og:locale\" content=\"de_DE\" \/>\n<meta property=\"og:type\" content=\"article\" \/>\n<meta property=\"og:title\" content=\"15 neue Schie\u00dfsportleiter - KSV Gifhorn\" \/>\n<meta property=\"og:description\" content=\"Foto und Text: Bernd Behrens Am Wochenende war die Pr\u00fcfung f\u00fcr 15 Sch\u00fctzinnen und Sch\u00fctzen die nach 40 Unterrichtseinheiten sich dem Pr\u00fcfer stellten um die Schie\u00dfsportleiterlizenz zu erhalten. \u201eIhr habt &hellip; \u201e15 neue Schie\u00dfsportleiter\u201c weiterlesen\" \/>\n<meta property=\"og:url\" content=\"https:\/\/www.ksv-gf.de\/?p=479\" \/>\n<meta property=\"og:site_name\" content=\"KSV Gifhorn\" \/>\n<meta property=\"article:published_time\" content=\"2019-11-21T01:40:04+00:00\" \/>\n<meta property=\"article:modified_time\" content=\"2019-11-21T01:40:05+00:00\" \/>\n<meta property=\"og:image\" content=\"http:\/\/www.ksv-gifhorn.de\/Bilder\/Gru\u00dfendorf-SSL-2019-4k.JPG\" \/>\n<meta name=\"author\" content=\"admin\" \/>\n<meta name=\"twitter:card\" content=\"summary_large_image\" \/>\n<meta name=\"twitter:label1\" content=\"Verfasst von\" \/>\n\t<meta name=\"twitter:data1\" content=\"admin\" \/>\n\t<meta name=\"twitter:label2\" content=\"Gesch\u00e4tzte Lesezeit\" \/>\n\t<meta name=\"twitter:data2\" content=\"1\u00a0Minute\" \/>\n<script type=\"application\/ld+json\" class=\"yoast-schema-graph\">{\"@context\":\"https:\/\/schema.org\",\"@graph\":[{\"@type\":\"Article\",\"@id\":\"https:\/\/www.ksv-gf.de\/?p=479#article\",\"isPartOf\":{\"@id\":\"https:\/\/www.ksv-gf.de\/?p=479\"},\"author\":{\"name\":\"admin\",\"@id\":\"https:\/\/www.ksv-gf.de\/#\/schema\/person\/fbe636c67ec1ff98950697ad16952813\"},\"headline\":\"15 neue Schie\u00dfsportleiter\",\"datePublished\":\"2019-11-21T01:40:04+00:00\",\"dateModified\":\"2019-11-21T01:40:05+00:00\",\"mainEntityOfPage\":{\"@id\":\"https:\/\/www.ksv-gf.de\/?p=479\"},\"wordCount\":237,\"publisher\":{\"@id\":\"https:\/\/www.ksv-gf.de\/#organization\"},\"articleSection\":[\"Uncategorized\"],\"inLanguage\":\"de\"},{\"@type\":\"WebPage\",\"@id\":\"https:\/\/www.ksv-gf.de\/?p=479\",\"url\":\"https:\/\/www.ksv-gf.de\/?p=479\",\"name\":\"15 neue Schie\u00dfsportleiter - KSV Gifhorn\",\"isPartOf\":{\"@id\":\"https:\/\/www.ksv-gf.de\/#website\"},\"datePublished\":\"2019-11-21T01:40:04+00:00\",\"dateModified\":\"2019-11-21T01:40:05+00:00\",\"breadcrumb\":{\"@id\":\"https:\/\/www.ksv-gf.de\/?p=479#breadcrumb\"},\"inLanguage\":\"de\",\"potentialAction\":[{\"@type\":\"ReadAction\",\"target\":[\"https:\/\/www.ksv-gf.de\/?p=479\"]}]},{\"@type\":\"BreadcrumbList\",\"@id\":\"https:\/\/www.ksv-gf.de\/?p=479#breadcrumb\",\"itemListElement\":[{\"@type\":\"ListItem\",\"position\":1,\"name\":\"Startseite\",\"item\":\"https:\/\/www.ksv-gf.de\/\"},{\"@type\":\"ListItem\",\"position\":2,\"name\":\"15 neue Schie\u00dfsportleiter\"}]},{\"@type\":\"WebSite\",\"@id\":\"https:\/\/www.ksv-gf.de\/#website\",\"url\":\"https:\/\/www.ksv-gf.de\/\",\"name\":\"KSV Gifhorn\",\"description\":\"\",\"publisher\":{\"@id\":\"https:\/\/www.ksv-gf.de\/#organization\"},\"potentialAction\":[{\"@type\":\"SearchAction\",\"target\":{\"@type\":\"EntryPoint\",\"urlTemplate\":\"https:\/\/www.ksv-gf.de\/?s={search_term_string}\"},\"query-input\":{\"@type\":\"PropertyValueSpecification\",\"valueRequired\":true,\"valueName\":\"search_term_string\"}}],\"inLanguage\":\"de\"},{\"@type\":\"Organization\",\"@id\":\"https:\/\/www.ksv-gf.de\/#organization\",\"name\":\"Kreissch\u00fctzenverband Gifhorn e.V.\",\"url\":\"https:\/\/www.ksv-gf.de\/\",\"logo\":{\"@type\":\"ImageObject\",\"inLanguage\":\"de\",\"@id\":\"https:\/\/www.ksv-gf.de\/#\/schema\/logo\/image\/\",\"url\":\"https:\/\/www.ksv-gf.de\/wp-content\/uploads\/2021\/05\/cropped-WAPPEN-KSV-GIFHORN_NEU.png\",\"contentUrl\":\"https:\/\/www.ksv-gf.de\/wp-content\/uploads\/2021\/05\/cropped-WAPPEN-KSV-GIFHORN_NEU.png\",\"width\":204,\"height\":250,\"caption\":\"Kreissch\u00fctzenverband Gifhorn e.V.\"},\"image\":{\"@id\":\"https:\/\/www.ksv-gf.de\/#\/schema\/logo\/image\/\"}},{\"@type\":\"Person\",\"@id\":\"https:\/\/www.ksv-gf.de\/#\/schema\/person\/fbe636c67ec1ff98950697ad16952813\",\"name\":\"admin\",\"image\":{\"@type\":\"ImageObject\",\"inLanguage\":\"de\",\"@id\":\"https:\/\/www.ksv-gf.de\/#\/schema\/person\/image\/\",\"url\":\"https:\/\/secure.gravatar.com\/avatar\/698b75116bf8930ea391c6135e06fcb2e3d7c7c99e34a93bfdad8fdb3b5c1baa?s=96&d=mm&r=g\",\"contentUrl\":\"https:\/\/secure.gravatar.com\/avatar\/698b75116bf8930ea391c6135e06fcb2e3d7c7c99e34a93bfdad8fdb3b5c1baa?s=96&d=mm&r=g\",\"caption\":\"admin\"},\"url\":\"https:\/\/www.ksv-gf.de\/?author=1\"}]}<\/script>\n<!-- \/ Yoast SEO plugin. -->","yoast_head_json":{"title":"15 neue Schie\u00dfsportleiter - KSV Gifhorn","robots":{"index":"index","follow":"follow","max-snippet":"max-snippet:-1","max-image-preview":"max-image-preview:large","max-video-preview":"max-video-preview:-1"},"canonical":"https:\/\/www.ksv-gf.de\/?p=479","og_locale":"de_DE","og_type":"article","og_title":"15 neue Schie\u00dfsportleiter - KSV Gifhorn","og_description":"Foto und Text: Bernd Behrens Am Wochenende war die Pr\u00fcfung f\u00fcr 15 Sch\u00fctzinnen und Sch\u00fctzen die nach 40 Unterrichtseinheiten sich dem Pr\u00fcfer stellten um die Schie\u00dfsportleiterlizenz zu erhalten. \u201eIhr habt &hellip; \u201e15 neue Schie\u00dfsportleiter\u201c weiterlesen","og_url":"https:\/\/www.ksv-gf.de\/?p=479","og_site_name":"KSV Gifhorn","article_published_time":"2019-11-21T01:40:04+00:00","article_modified_time":"2019-11-21T01:40:05+00:00","og_image":[{"url":"http:\/\/www.ksv-gifhorn.de\/Bilder\/Gru\u00dfendorf-SSL-2019-4k.JPG","type":"","width":"","height":""}],"author":"admin","twitter_card":"summary_large_image","twitter_misc":{"Verfasst von":"admin","Gesch\u00e4tzte Lesezeit":"1\u00a0Minute"},"schema":{"@context":"https:\/\/schema.org","@graph":[{"@type":"Article","@id":"https:\/\/www.ksv-gf.de\/?p=479#article","isPartOf":{"@id":"https:\/\/www.ksv-gf.de\/?p=479"},"author":{"name":"admin","@id":"https:\/\/www.ksv-gf.de\/#\/schema\/person\/fbe636c67ec1ff98950697ad16952813"},"headline":"15 neue Schie\u00dfsportleiter","datePublished":"2019-11-21T01:40:04+00:00","dateModified":"2019-11-21T01:40:05+00:00","mainEntityOfPage":{"@id":"https:\/\/www.ksv-gf.de\/?p=479"},"wordCount":237,"publisher":{"@id":"https:\/\/www.ksv-gf.de\/#organization"},"articleSection":["Uncategorized"],"inLanguage":"de"},{"@type":"WebPage","@id":"https:\/\/www.ksv-gf.de\/?p=479","url":"https:\/\/www.ksv-gf.de\/?p=479","name":"15 neue Schie\u00dfsportleiter - KSV Gifhorn","isPartOf":{"@id":"https:\/\/www.ksv-gf.de\/#website"},"datePublished":"2019-11-21T01:40:04+00:00","dateModified":"2019-11-21T01:40:05+00:00","breadcrumb":{"@id":"https:\/\/www.ksv-gf.de\/?p=479#breadcrumb"},"inLanguage":"de","potentialAction":[{"@type":"ReadAction","target":["https:\/\/www.ksv-gf.de\/?p=479"]}]},{"@type":"BreadcrumbList","@id":"https:\/\/www.ksv-gf.de\/?p=479#breadcrumb","itemListElement":[{"@type":"ListItem","position":1,"name":"Startseite","item":"https:\/\/www.ksv-gf.de\/"},{"@type":"ListItem","position":2,"name":"15 neue Schie\u00dfsportleiter"}]},{"@type":"WebSite","@id":"https:\/\/www.ksv-gf.de\/#website","url":"https:\/\/www.ksv-gf.de\/","name":"KSV Gifhorn","description":"","publisher":{"@id":"https:\/\/www.ksv-gf.de\/#organization"},"potentialAction":[{"@type":"SearchAction","target":{"@type":"EntryPoint","urlTemplate":"https:\/\/www.ksv-gf.de\/?s={search_term_string}"},"query-input":{"@type":"PropertyValueSpecification","valueRequired":true,"valueName":"search_term_string"}}],"inLanguage":"de"},{"@type":"Organization","@id":"https:\/\/www.ksv-gf.de\/#organization","name":"Kreissch\u00fctzenverband Gifhorn e.V.","url":"https:\/\/www.ksv-gf.de\/","logo":{"@type":"ImageObject","inLanguage":"de","@id":"https:\/\/www.ksv-gf.de\/#\/schema\/logo\/image\/","url":"https:\/\/www.ksv-gf.de\/wp-content\/uploads\/2021\/05\/cropped-WAPPEN-KSV-GIFHORN_NEU.png","contentUrl":"https:\/\/www.ksv-gf.de\/wp-content\/uploads\/2021\/05\/cropped-WAPPEN-KSV-GIFHORN_NEU.png","width":204,"height":250,"caption":"Kreissch\u00fctzenverband Gifhorn e.V."},"image":{"@id":"https:\/\/www.ksv-gf.de\/#\/schema\/logo\/image\/"}},{"@type":"Person","@id":"https:\/\/www.ksv-gf.de\/#\/schema\/person\/fbe636c67ec1ff98950697ad16952813","name":"admin","image":{"@type":"ImageObject","inLanguage":"de","@id":"https:\/\/www.ksv-gf.de\/#\/schema\/person\/image\/","url":"https:\/\/secure.gravatar.com\/avatar\/698b75116bf8930ea391c6135e06fcb2e3d7c7c99e34a93bfdad8fdb3b5c1baa?s=96&d=mm&r=g","contentUrl":"https:\/\/secure.gravatar.com\/avatar\/698b75116bf8930ea391c6135e06fcb2e3d7c7c99e34a93bfdad8fdb3b5c1baa?s=96&d=mm&r=g","caption":"admin"},"url":"https:\/\/www.ksv-gf.de\/?author=1"}]}},"jetpack_featured_media_url":"","jetpack_sharing_enabled":true,"publishpress_future_action":{"enabled":false,"date":"2026-05-04 21:07:43","action":"change-status","newStatus":"draft","terms":[],"taxonomy":"category","extraData":[]},"publishpress_future_workflow_manual_trigger":{"enabledWorkflows":[]},"_links":{"self":[{"href":"https:\/\/www.ksv-gf.de\/index.php?rest_route=\/wp\/v2\/posts\/479","targetHints":{"allow":["GET"]}}],"collection":[{"href":"https:\/\/www.ksv-gf.de\/index.php?rest_route=\/wp\/v2\/posts"}],"about":[{"href":"https:\/\/www.ksv-gf.de\/index.php?rest_route=\/wp\/v2\/types\/post"}],"author":[{"embeddable":true,"href":"https:\/\/www.ksv-gf.de\/index.php?rest_route=\/wp\/v2\/users\/1"}],"replies":[{"embeddable":true,"href":"https:\/\/www.ksv-gf.de\/index.php?rest_route=%2Fwp%2Fv2%2Fcomments&post=479"}],"version-history":[{"count":1,"href":"https:\/\/www.ksv-gf.de\/index.php?rest_route=\/wp\/v2\/posts\/479\/revisions"}],"predecessor-version":[{"id":480,"href":"https:\/\/www.ksv-gf.de\/index.php?rest_route=\/wp\/v2\/posts\/479\/revisions\/480"}],"wp:attachment":[{"href":"https:\/\/www.ksv-gf.de\/index.php?rest_route=%2Fwp%2Fv2%2Fmedia&parent=479"}],"wp:term":[{"taxonomy":"category","embeddable":true,"href":"https:\/\/www.ksv-gf.de\/index.php?rest_route=%2Fwp%2Fv2%2Fcategories&post=479"},{"taxonomy":"post_tag","embeddable":true,"href":"https:\/\/www.ksv-gf.de\/index.php?rest_route=%2Fwp%2Fv2%2Ftags&post=479"}],"curies":[{"name":"wp","href":"https:\/\/api.w.org\/{rel}","templated":true}]}}