{"id":471,"date":"2018-11-21T02:36:00","date_gmt":"2018-11-21T01:36:00","guid":{"rendered":"https:\/\/www.ksv-gf.de\/?p=471"},"modified":"2019-11-21T02:38:07","modified_gmt":"2019-11-21T01:38:07","slug":"treffen-der-teilnehmer-an-den-deutschen-meisterschaften","status":"publish","type":"post","link":"https:\/\/www.ksv-gf.de\/?p=471","title":{"rendered":"Treffen der Teilnehmer an den deutschen Meisterschaften"},"content":{"rendered":"\n<p><\/p>\n\n\n\n<p><strong>Steffen Hannich wurde deutscher Meister<\/strong><\/p>\n\n\n\n<p>Text und Fotos Klaus-Dieter Oppermann<\/p>\n\n\n\n<figure class=\"wp-block-gallery columns-2 is-cropped wp-block-gallery-1 is-layout-flex wp-block-gallery-is-layout-flex\"><ul class=\"blocks-gallery-grid\"><li class=\"blocks-gallery-item\"><figure><img decoding=\"async\" width=\"300\" height=\"200\" data-src=\"https:\/\/www.ksv-gf.de\/wp-content\/uploads\/2019\/11\/DSC_0595k.jpg\" alt=\"\" data-id=\"472\" data-full-url=\"https:\/\/www.ksv-gf.de\/wp-content\/uploads\/2019\/11\/DSC_0595k.jpg\" data-link=\"https:\/\/www.ksv-gf.de\/?attachment_id=472\" class=\"wp-image-472 lazyload\" src=\"data:image\/svg+xml;base64,PHN2ZyB3aWR0aD0iMSIgaGVpZ2h0PSIxIiB4bWxucz0iaHR0cDovL3d3dy53My5vcmcvMjAwMC9zdmciPjwvc3ZnPg==\" style=\"--smush-placeholder-width: 300px; --smush-placeholder-aspect-ratio: 300\/200;\" \/><\/figure><\/li><li class=\"blocks-gallery-item\"><figure><img decoding=\"async\" width=\"300\" height=\"200\" data-src=\"https:\/\/www.ksv-gf.de\/wp-content\/uploads\/2019\/11\/DSC_0593k.jpg\" alt=\"\" data-id=\"473\" data-full-url=\"https:\/\/www.ksv-gf.de\/wp-content\/uploads\/2019\/11\/DSC_0593k.jpg\" data-link=\"https:\/\/www.ksv-gf.de\/?attachment_id=473\" class=\"wp-image-473 lazyload\" src=\"data:image\/svg+xml;base64,PHN2ZyB3aWR0aD0iMSIgaGVpZ2h0PSIxIiB4bWxucz0iaHR0cDovL3d3dy53My5vcmcvMjAwMC9zdmciPjwvc3ZnPg==\" style=\"--smush-placeholder-width: 300px; --smush-placeholder-aspect-ratio: 300\/200;\" \/><\/figure><\/li><\/ul><\/figure>\n\n\n\n<p>Einige der Teilnehmer<\/p>\n\n\n\n<p>Der Vorsitzende des Kreissch\u00fctzenverbandes Gifhorn hatte die  Teilnehmer an der deutschen Meisterschaft zu einem Treffen eingeladen,  um Dank zu sagen, f\u00fcr die vielen Stunden Training und den sonstigen Aufwand, den alle betrieben  haben, um den sportlichen Erfolg der Teilnahme an der Meisterschaft zu  erreichen.<\/p>\n\n\n\n<p> Insgesamt 29 Sch\u00fctzinnen und Sch\u00fctzen hatten den Kreisverband in  verschiedenen Disziplinen vertreten. Wobei  viele mehrere Starts in  verschiedenen Disziplinen hatten. Dabei war Steffen Hannich vom USK Gifhorn besonders erfolgreich, er brachte in  der Disziplin Sommerbiathlon, LG Sprint bei den Herren I \u00fcber 4,0 km,  den Titel eines deutschen Meisters mit  nach Hause.<\/p>\n\n\n\n<p> Bei 22 Starts erreichten die Teilnehmer Platzierungen unter den ersten  10. Das ist insgesamt ein gutes Ergebnis, m\u00fcssen die guten Leistungen  zun\u00e4chst bei der Vereinsmeisterschaft danach bei den Meisterschaften auf Kreis- und Landesebene best\u00e4tigt  werden, bevor es die &#8222;Fahrkarte&#8220; zur deutschen Meisterschaft gibt.<\/p>\n\n\n\n<p> Nach einem gemeinsamen Essen hatten die Teilnehmer die M\u00f6glichkeit \u00fcber  ihre pers\u00f6nlichen Erfahrungen bei der Teilnahme und den Weg dorthin zu  berichten. Als erster f\u00fchrte Steffen Hannich aus, dass er neben seinem Studium ein t\u00e4gliches Lauftraining  absolviert. Nur so sind solche Leistungen m\u00f6glich.<\/p>\n\n\n\n<p> Markus Ehle von der SSG Gifhorn berichtete \u00fcber die relativ neue  Disziplin Bogen 3D-Schie\u00dfen, wo in freier Natur auf unterschiedlich  3-Dimensionale Ziele geschossen wird, das geschieht aus unterschiedlichen Distanzen, wobei je nach Position des  Ziels mit wechselnden Lichtverh\u00e4ltnissen zu rechnen ist.<\/p>\n\n\n\n<p> Abschlie\u00dfend richtete Uwe Weimann den Dank des Kreisvorstandes an alle  Wettkampfteilnehmer und Betreuer. Verbunden mit der Bitte, sich auch in  Zukunft f\u00fcr den Schie\u00dfsport zumindest im gleichen Umfang einzusetzen, damit auch im n\u00e4chsten Jahr  solche Ergebnisse pr\u00e4sentiert werden k\u00f6nnen. <\/p>\n","protected":false},"excerpt":{"rendered":"<p>Steffen Hannich wurde deutscher Meister Text und Fotos Klaus-Dieter Oppermann Einige der Teilnehmer Der Vorsitzende des Kreissch\u00fctzenverbandes Gifhorn hatte die Teilnehmer an der deutschen Meisterschaft zu einem Treffen eingeladen, um &hellip; <\/p>\n<p class=\"link-more\"><a href=\"https:\/\/www.ksv-gf.de\/?p=471\" class=\"more-link\"><span class=\"screen-reader-text\">\u201eTreffen der Teilnehmer an den deutschen Meisterschaften\u201c <\/span>weiterlesen<\/a><\/p>\n","protected":false},"author":1,"featured_media":0,"comment_status":"closed","ping_status":"closed","sticky":false,"template":"","format":"standard","meta":{"_jetpack_memberships_contains_paid_content":false,"footnotes":""},"categories":[1],"tags":[],"class_list":["post-471","post","type-post","status-publish","format-standard","hentry","category-uncategorized"],"yoast_head":"<!-- This site is optimized with the Yoast SEO plugin v27.1.1 - https:\/\/yoast.com\/product\/yoast-seo-wordpress\/ -->\n<title>Treffen der Teilnehmer an den deutschen Meisterschaften - KSV Gifhorn<\/title>\n<meta name=\"robots\" content=\"index, follow, max-snippet:-1, max-image-preview:large, max-video-preview:-1\" \/>\n<link rel=\"canonical\" href=\"https:\/\/www.ksv-gf.de\/?p=471\" \/>\n<meta property=\"og:locale\" content=\"de_DE\" \/>\n<meta property=\"og:type\" content=\"article\" \/>\n<meta property=\"og:title\" content=\"Treffen der Teilnehmer an den deutschen Meisterschaften - KSV Gifhorn\" \/>\n<meta property=\"og:description\" content=\"Steffen Hannich wurde deutscher Meister Text und Fotos Klaus-Dieter Oppermann Einige der Teilnehmer Der Vorsitzende des Kreissch\u00fctzenverbandes Gifhorn hatte die Teilnehmer an der deutschen Meisterschaft zu einem Treffen eingeladen, um &hellip; \u201eTreffen der Teilnehmer an den deutschen Meisterschaften\u201c weiterlesen\" \/>\n<meta property=\"og:url\" content=\"https:\/\/www.ksv-gf.de\/?p=471\" \/>\n<meta property=\"og:site_name\" content=\"KSV Gifhorn\" \/>\n<meta property=\"article:published_time\" content=\"2018-11-21T01:36:00+00:00\" \/>\n<meta property=\"article:modified_time\" content=\"2019-11-21T01:38:07+00:00\" \/>\n<meta property=\"og:image\" content=\"https:\/\/www.ksv-gf.de\/wp-content\/uploads\/2019\/11\/DSC_0595k.jpg\" \/>\n<meta name=\"author\" content=\"admin\" \/>\n<meta name=\"twitter:card\" content=\"summary_large_image\" \/>\n<meta name=\"twitter:label1\" content=\"Verfasst von\" \/>\n\t<meta name=\"twitter:data1\" content=\"admin\" \/>\n\t<meta name=\"twitter:label2\" content=\"Gesch\u00e4tzte Lesezeit\" \/>\n\t<meta name=\"twitter:data2\" content=\"1\u00a0Minute\" \/>\n<script type=\"application\/ld+json\" class=\"yoast-schema-graph\">{\"@context\":\"https:\/\/schema.org\",\"@graph\":[{\"@type\":\"Article\",\"@id\":\"https:\/\/www.ksv-gf.de\/?p=471#article\",\"isPartOf\":{\"@id\":\"https:\/\/www.ksv-gf.de\/?p=471\"},\"author\":{\"name\":\"admin\",\"@id\":\"https:\/\/www.ksv-gf.de\/#\/schema\/person\/fbe636c67ec1ff98950697ad16952813\"},\"headline\":\"Treffen der Teilnehmer an den deutschen Meisterschaften\",\"datePublished\":\"2018-11-21T01:36:00+00:00\",\"dateModified\":\"2019-11-21T01:38:07+00:00\",\"mainEntityOfPage\":{\"@id\":\"https:\/\/www.ksv-gf.de\/?p=471\"},\"wordCount\":298,\"publisher\":{\"@id\":\"https:\/\/www.ksv-gf.de\/#organization\"},\"image\":{\"@id\":\"https:\/\/www.ksv-gf.de\/?p=471#primaryimage\"},\"thumbnailUrl\":\"https:\/\/www.ksv-gf.de\/wp-content\/uploads\/2019\/11\/DSC_0595k.jpg\",\"articleSection\":[\"Uncategorized\"],\"inLanguage\":\"de\"},{\"@type\":\"WebPage\",\"@id\":\"https:\/\/www.ksv-gf.de\/?p=471\",\"url\":\"https:\/\/www.ksv-gf.de\/?p=471\",\"name\":\"Treffen der Teilnehmer an den deutschen Meisterschaften - KSV Gifhorn\",\"isPartOf\":{\"@id\":\"https:\/\/www.ksv-gf.de\/#website\"},\"primaryImageOfPage\":{\"@id\":\"https:\/\/www.ksv-gf.de\/?p=471#primaryimage\"},\"image\":{\"@id\":\"https:\/\/www.ksv-gf.de\/?p=471#primaryimage\"},\"thumbnailUrl\":\"https:\/\/www.ksv-gf.de\/wp-content\/uploads\/2019\/11\/DSC_0595k.jpg\",\"datePublished\":\"2018-11-21T01:36:00+00:00\",\"dateModified\":\"2019-11-21T01:38:07+00:00\",\"breadcrumb\":{\"@id\":\"https:\/\/www.ksv-gf.de\/?p=471#breadcrumb\"},\"inLanguage\":\"de\",\"potentialAction\":[{\"@type\":\"ReadAction\",\"target\":[\"https:\/\/www.ksv-gf.de\/?p=471\"]}]},{\"@type\":\"ImageObject\",\"inLanguage\":\"de\",\"@id\":\"https:\/\/www.ksv-gf.de\/?p=471#primaryimage\",\"url\":\"https:\/\/www.ksv-gf.de\/wp-content\/uploads\/2019\/11\/DSC_0595k.jpg\",\"contentUrl\":\"https:\/\/www.ksv-gf.de\/wp-content\/uploads\/2019\/11\/DSC_0595k.jpg\",\"width\":300,\"height\":200},{\"@type\":\"BreadcrumbList\",\"@id\":\"https:\/\/www.ksv-gf.de\/?p=471#breadcrumb\",\"itemListElement\":[{\"@type\":\"ListItem\",\"position\":1,\"name\":\"Startseite\",\"item\":\"https:\/\/www.ksv-gf.de\/\"},{\"@type\":\"ListItem\",\"position\":2,\"name\":\"Treffen der Teilnehmer an den deutschen Meisterschaften\"}]},{\"@type\":\"WebSite\",\"@id\":\"https:\/\/www.ksv-gf.de\/#website\",\"url\":\"https:\/\/www.ksv-gf.de\/\",\"name\":\"KSV Gifhorn\",\"description\":\"\",\"publisher\":{\"@id\":\"https:\/\/www.ksv-gf.de\/#organization\"},\"potentialAction\":[{\"@type\":\"SearchAction\",\"target\":{\"@type\":\"EntryPoint\",\"urlTemplate\":\"https:\/\/www.ksv-gf.de\/?s={search_term_string}\"},\"query-input\":{\"@type\":\"PropertyValueSpecification\",\"valueRequired\":true,\"valueName\":\"search_term_string\"}}],\"inLanguage\":\"de\"},{\"@type\":\"Organization\",\"@id\":\"https:\/\/www.ksv-gf.de\/#organization\",\"name\":\"Kreissch\u00fctzenverband Gifhorn e.V.\",\"url\":\"https:\/\/www.ksv-gf.de\/\",\"logo\":{\"@type\":\"ImageObject\",\"inLanguage\":\"de\",\"@id\":\"https:\/\/www.ksv-gf.de\/#\/schema\/logo\/image\/\",\"url\":\"https:\/\/www.ksv-gf.de\/wp-content\/uploads\/2021\/05\/cropped-WAPPEN-KSV-GIFHORN_NEU.png\",\"contentUrl\":\"https:\/\/www.ksv-gf.de\/wp-content\/uploads\/2021\/05\/cropped-WAPPEN-KSV-GIFHORN_NEU.png\",\"width\":204,\"height\":250,\"caption\":\"Kreissch\u00fctzenverband Gifhorn e.V.\"},\"image\":{\"@id\":\"https:\/\/www.ksv-gf.de\/#\/schema\/logo\/image\/\"}},{\"@type\":\"Person\",\"@id\":\"https:\/\/www.ksv-gf.de\/#\/schema\/person\/fbe636c67ec1ff98950697ad16952813\",\"name\":\"admin\",\"image\":{\"@type\":\"ImageObject\",\"inLanguage\":\"de\",\"@id\":\"https:\/\/www.ksv-gf.de\/#\/schema\/person\/image\/\",\"url\":\"https:\/\/secure.gravatar.com\/avatar\/698b75116bf8930ea391c6135e06fcb2e3d7c7c99e34a93bfdad8fdb3b5c1baa?s=96&d=mm&r=g\",\"contentUrl\":\"https:\/\/secure.gravatar.com\/avatar\/698b75116bf8930ea391c6135e06fcb2e3d7c7c99e34a93bfdad8fdb3b5c1baa?s=96&d=mm&r=g\",\"caption\":\"admin\"},\"url\":\"https:\/\/www.ksv-gf.de\/?author=1\"}]}<\/script>\n<!-- \/ Yoast SEO plugin. -->","yoast_head_json":{"title":"Treffen der Teilnehmer an den deutschen Meisterschaften - KSV Gifhorn","robots":{"index":"index","follow":"follow","max-snippet":"max-snippet:-1","max-image-preview":"max-image-preview:large","max-video-preview":"max-video-preview:-1"},"canonical":"https:\/\/www.ksv-gf.de\/?p=471","og_locale":"de_DE","og_type":"article","og_title":"Treffen der Teilnehmer an den deutschen Meisterschaften - KSV Gifhorn","og_description":"Steffen Hannich wurde deutscher Meister Text und Fotos Klaus-Dieter Oppermann Einige der Teilnehmer Der Vorsitzende des Kreissch\u00fctzenverbandes Gifhorn hatte die Teilnehmer an der deutschen Meisterschaft zu einem Treffen eingeladen, um &hellip; \u201eTreffen der Teilnehmer an den deutschen Meisterschaften\u201c weiterlesen","og_url":"https:\/\/www.ksv-gf.de\/?p=471","og_site_name":"KSV Gifhorn","article_published_time":"2018-11-21T01:36:00+00:00","article_modified_time":"2019-11-21T01:38:07+00:00","og_image":[{"url":"https:\/\/www.ksv-gf.de\/wp-content\/uploads\/2019\/11\/DSC_0595k.jpg","type":"","width":"","height":""}],"author":"admin","twitter_card":"summary_large_image","twitter_misc":{"Verfasst von":"admin","Gesch\u00e4tzte Lesezeit":"1\u00a0Minute"},"schema":{"@context":"https:\/\/schema.org","@graph":[{"@type":"Article","@id":"https:\/\/www.ksv-gf.de\/?p=471#article","isPartOf":{"@id":"https:\/\/www.ksv-gf.de\/?p=471"},"author":{"name":"admin","@id":"https:\/\/www.ksv-gf.de\/#\/schema\/person\/fbe636c67ec1ff98950697ad16952813"},"headline":"Treffen der Teilnehmer an den deutschen Meisterschaften","datePublished":"2018-11-21T01:36:00+00:00","dateModified":"2019-11-21T01:38:07+00:00","mainEntityOfPage":{"@id":"https:\/\/www.ksv-gf.de\/?p=471"},"wordCount":298,"publisher":{"@id":"https:\/\/www.ksv-gf.de\/#organization"},"image":{"@id":"https:\/\/www.ksv-gf.de\/?p=471#primaryimage"},"thumbnailUrl":"https:\/\/www.ksv-gf.de\/wp-content\/uploads\/2019\/11\/DSC_0595k.jpg","articleSection":["Uncategorized"],"inLanguage":"de"},{"@type":"WebPage","@id":"https:\/\/www.ksv-gf.de\/?p=471","url":"https:\/\/www.ksv-gf.de\/?p=471","name":"Treffen der Teilnehmer an den deutschen Meisterschaften - KSV Gifhorn","isPartOf":{"@id":"https:\/\/www.ksv-gf.de\/#website"},"primaryImageOfPage":{"@id":"https:\/\/www.ksv-gf.de\/?p=471#primaryimage"},"image":{"@id":"https:\/\/www.ksv-gf.de\/?p=471#primaryimage"},"thumbnailUrl":"https:\/\/www.ksv-gf.de\/wp-content\/uploads\/2019\/11\/DSC_0595k.jpg","datePublished":"2018-11-21T01:36:00+00:00","dateModified":"2019-11-21T01:38:07+00:00","breadcrumb":{"@id":"https:\/\/www.ksv-gf.de\/?p=471#breadcrumb"},"inLanguage":"de","potentialAction":[{"@type":"ReadAction","target":["https:\/\/www.ksv-gf.de\/?p=471"]}]},{"@type":"ImageObject","inLanguage":"de","@id":"https:\/\/www.ksv-gf.de\/?p=471#primaryimage","url":"https:\/\/www.ksv-gf.de\/wp-content\/uploads\/2019\/11\/DSC_0595k.jpg","contentUrl":"https:\/\/www.ksv-gf.de\/wp-content\/uploads\/2019\/11\/DSC_0595k.jpg","width":300,"height":200},{"@type":"BreadcrumbList","@id":"https:\/\/www.ksv-gf.de\/?p=471#breadcrumb","itemListElement":[{"@type":"ListItem","position":1,"name":"Startseite","item":"https:\/\/www.ksv-gf.de\/"},{"@type":"ListItem","position":2,"name":"Treffen der Teilnehmer an den deutschen Meisterschaften"}]},{"@type":"WebSite","@id":"https:\/\/www.ksv-gf.de\/#website","url":"https:\/\/www.ksv-gf.de\/","name":"KSV Gifhorn","description":"","publisher":{"@id":"https:\/\/www.ksv-gf.de\/#organization"},"potentialAction":[{"@type":"SearchAction","target":{"@type":"EntryPoint","urlTemplate":"https:\/\/www.ksv-gf.de\/?s={search_term_string}"},"query-input":{"@type":"PropertyValueSpecification","valueRequired":true,"valueName":"search_term_string"}}],"inLanguage":"de"},{"@type":"Organization","@id":"https:\/\/www.ksv-gf.de\/#organization","name":"Kreissch\u00fctzenverband Gifhorn e.V.","url":"https:\/\/www.ksv-gf.de\/","logo":{"@type":"ImageObject","inLanguage":"de","@id":"https:\/\/www.ksv-gf.de\/#\/schema\/logo\/image\/","url":"https:\/\/www.ksv-gf.de\/wp-content\/uploads\/2021\/05\/cropped-WAPPEN-KSV-GIFHORN_NEU.png","contentUrl":"https:\/\/www.ksv-gf.de\/wp-content\/uploads\/2021\/05\/cropped-WAPPEN-KSV-GIFHORN_NEU.png","width":204,"height":250,"caption":"Kreissch\u00fctzenverband Gifhorn e.V."},"image":{"@id":"https:\/\/www.ksv-gf.de\/#\/schema\/logo\/image\/"}},{"@type":"Person","@id":"https:\/\/www.ksv-gf.de\/#\/schema\/person\/fbe636c67ec1ff98950697ad16952813","name":"admin","image":{"@type":"ImageObject","inLanguage":"de","@id":"https:\/\/www.ksv-gf.de\/#\/schema\/person\/image\/","url":"https:\/\/secure.gravatar.com\/avatar\/698b75116bf8930ea391c6135e06fcb2e3d7c7c99e34a93bfdad8fdb3b5c1baa?s=96&d=mm&r=g","contentUrl":"https:\/\/secure.gravatar.com\/avatar\/698b75116bf8930ea391c6135e06fcb2e3d7c7c99e34a93bfdad8fdb3b5c1baa?s=96&d=mm&r=g","caption":"admin"},"url":"https:\/\/www.ksv-gf.de\/?author=1"}]}},"jetpack_featured_media_url":"","jetpack_sharing_enabled":true,"publishpress_future_action":{"enabled":false,"date":"2026-05-02 09:36:38","action":"change-status","newStatus":"draft","terms":[],"taxonomy":"category","extraData":[]},"publishpress_future_workflow_manual_trigger":{"enabledWorkflows":[]},"_links":{"self":[{"href":"https:\/\/www.ksv-gf.de\/index.php?rest_route=\/wp\/v2\/posts\/471","targetHints":{"allow":["GET"]}}],"collection":[{"href":"https:\/\/www.ksv-gf.de\/index.php?rest_route=\/wp\/v2\/posts"}],"about":[{"href":"https:\/\/www.ksv-gf.de\/index.php?rest_route=\/wp\/v2\/types\/post"}],"author":[{"embeddable":true,"href":"https:\/\/www.ksv-gf.de\/index.php?rest_route=\/wp\/v2\/users\/1"}],"replies":[{"embeddable":true,"href":"https:\/\/www.ksv-gf.de\/index.php?rest_route=%2Fwp%2Fv2%2Fcomments&post=471"}],"version-history":[{"count":1,"href":"https:\/\/www.ksv-gf.de\/index.php?rest_route=\/wp\/v2\/posts\/471\/revisions"}],"predecessor-version":[{"id":474,"href":"https:\/\/www.ksv-gf.de\/index.php?rest_route=\/wp\/v2\/posts\/471\/revisions\/474"}],"wp:attachment":[{"href":"https:\/\/www.ksv-gf.de\/index.php?rest_route=%2Fwp%2Fv2%2Fmedia&parent=471"}],"wp:term":[{"taxonomy":"category","embeddable":true,"href":"https:\/\/www.ksv-gf.de\/index.php?rest_route=%2Fwp%2Fv2%2Fcategories&post=471"},{"taxonomy":"post_tag","embeddable":true,"href":"https:\/\/www.ksv-gf.de\/index.php?rest_route=%2Fwp%2Fv2%2Ftags&post=471"}],"curies":[{"name":"wp","href":"https:\/\/api.w.org\/{rel}","templated":true}]}}