{"id":459,"date":"2018-11-21T02:33:19","date_gmt":"2018-11-21T01:33:19","guid":{"rendered":"https:\/\/www.ksv-gf.de\/?p=459"},"modified":"2019-11-21T02:34:49","modified_gmt":"2019-11-21T01:34:49","slug":"459","status":"publish","type":"post","link":"https:\/\/www.ksv-gf.de\/?p=459","title":{"rendered":"Heike Denzer einstimmig wieder gew\u00e4hlt"},"content":{"rendered":"\n<p><\/p>\n\n\n\n<p><strong>Kreisdamentreffen in Meine<\/strong><\/p>\n\n\n\n<p>Text und Foto Klaus-Dieter Oppermann<\/p>\n\n\n\n<div class=\"wp-block-image\"><figure class=\"alignleft size-large is-resized\"><img decoding=\"async\" data-src=\"https:\/\/www.ksv-gf.de\/wp-content\/uploads\/2019\/11\/Heike.jpg\" alt=\"\" class=\"wp-image-460 lazyload\" width=\"249\" height=\"387\" data-srcset=\"https:\/\/www.ksv-gf.de\/wp-content\/uploads\/2019\/11\/Heike.jpg 404w, https:\/\/www.ksv-gf.de\/wp-content\/uploads\/2019\/11\/Heike-350x544.jpg 350w, https:\/\/www.ksv-gf.de\/wp-content\/uploads\/2019\/11\/Heike-193x300.jpg 193w\" data-sizes=\"(max-width: 249px) 100vw, 249px\" src=\"data:image\/svg+xml;base64,PHN2ZyB3aWR0aD0iMSIgaGVpZ2h0PSIxIiB4bWxucz0iaHR0cDovL3d3dy53My5vcmcvMjAwMC9zdmciPjwvc3ZnPg==\" style=\"--smush-placeholder-width: 249px; --smush-placeholder-aspect-ratio: 249\/387;\" \/><\/figure><\/div>\n\n\n\n<p> Anl\u00e4sslich der Wahl w\u00e4hrend des 49. Kreisdamentreffens  wurde die  Kreisdamenleiterin Heike Denzer einstimmig in ihrem Amt  best\u00e4tigt.  Heike Denzer bekleidet dieses Amt seit 2001 und f\u00fchrt es mit gro\u00dfer  Begeisterung aus.<br> Sie leitet die  Geschicke der Damen im Kreissch\u00fctzenverband Gifhorn und  ist  Ansprechpartnerin f\u00fcr nahezu 3000 Damen, die in den einzelnen  Vereinen  organisiert sind. Der Anteil der Damen betr\u00e4gt damit rund 32 % aller  Mitglieder des  Verbandes, wobei die Tendenz steigend ist.<br>  Der Kreisvorsitzende Uwe Weimann f\u00fchrte die Wahl durch. Dabei hob er   hervor, dass im Kreisverband Gifhorn die Damen ihre Leiterin selbst   w\u00e4hlen, wof\u00fcr das Kreisdamentreffen der richtige Rahmen ist. Eine solche  Regelung gibt es nicht in allen  Kreisverb\u00e4nden.<br>  Uwe Weimann w\u00fcrdigte Einsatz, den Heike Denzer, unterst\u00fctzt von ihren   Vertreterinnen Birgit Vetter und Karla Pause, leistet. Auch freut er   sich \u00fcber die gute und vertrauensvolle Zusammenarbeit mit den Damen im  Kreisvorstand.<br> Heike Denzer  bedankte sich nach der Wahl f\u00fcr das entgegengebrachte  Vertrauen und  versprach auch in ihrer siebten Amtszeit alle Kraft f\u00fcr  die Damen  einzubringen. Besonders freut sie sich schon auf die Ausrichtung des 50.  Kreisdamentreffens, das  am 02. November 2019 stattfinden wird.  <\/p>\n","protected":false},"excerpt":{"rendered":"<p>Kreisdamentreffen in Meine Text und Foto Klaus-Dieter Oppermann Anl\u00e4sslich der Wahl w\u00e4hrend des 49. Kreisdamentreffens wurde die Kreisdamenleiterin Heike Denzer einstimmig in ihrem Amt best\u00e4tigt. Heike Denzer bekleidet dieses Amt &hellip; <\/p>\n<p class=\"link-more\"><a href=\"https:\/\/www.ksv-gf.de\/?p=459\" class=\"more-link\"><span class=\"screen-reader-text\">\u201eHeike Denzer einstimmig wieder gew\u00e4hlt\u201c <\/span>weiterlesen<\/a><\/p>\n","protected":false},"author":1,"featured_media":0,"comment_status":"closed","ping_status":"closed","sticky":false,"template":"","format":"standard","meta":{"_jetpack_memberships_contains_paid_content":false,"footnotes":""},"categories":[1],"tags":[],"class_list":["post-459","post","type-post","status-publish","format-standard","hentry","category-uncategorized"],"yoast_head":"<!-- This site is optimized with the Yoast SEO plugin v27.1.1 - https:\/\/yoast.com\/product\/yoast-seo-wordpress\/ -->\n<title>Heike Denzer einstimmig wieder gew\u00e4hlt - KSV Gifhorn<\/title>\n<meta name=\"robots\" content=\"index, follow, max-snippet:-1, max-image-preview:large, max-video-preview:-1\" \/>\n<link rel=\"canonical\" href=\"https:\/\/www.ksv-gf.de\/?p=459\" \/>\n<meta property=\"og:locale\" content=\"de_DE\" \/>\n<meta property=\"og:type\" content=\"article\" \/>\n<meta property=\"og:title\" content=\"Heike Denzer einstimmig wieder gew\u00e4hlt - KSV Gifhorn\" \/>\n<meta property=\"og:description\" content=\"Kreisdamentreffen in Meine Text und Foto Klaus-Dieter Oppermann Anl\u00e4sslich der Wahl w\u00e4hrend des 49. Kreisdamentreffens wurde die Kreisdamenleiterin Heike Denzer einstimmig in ihrem Amt best\u00e4tigt. Heike Denzer bekleidet dieses Amt &hellip; \u201eHeike Denzer einstimmig wieder gew\u00e4hlt\u201c weiterlesen\" \/>\n<meta property=\"og:url\" content=\"https:\/\/www.ksv-gf.de\/?p=459\" \/>\n<meta property=\"og:site_name\" content=\"KSV Gifhorn\" \/>\n<meta property=\"article:published_time\" content=\"2018-11-21T01:33:19+00:00\" \/>\n<meta property=\"article:modified_time\" content=\"2019-11-21T01:34:49+00:00\" \/>\n<meta property=\"og:image\" content=\"https:\/\/www.ksv-gf.de\/wp-content\/uploads\/2019\/11\/Heike.jpg\" \/>\n<meta name=\"author\" content=\"admin\" \/>\n<meta name=\"twitter:card\" content=\"summary_large_image\" \/>\n<meta name=\"twitter:label1\" content=\"Verfasst von\" \/>\n\t<meta name=\"twitter:data1\" content=\"admin\" \/>\n\t<meta name=\"twitter:label2\" content=\"Gesch\u00e4tzte Lesezeit\" \/>\n\t<meta name=\"twitter:data2\" content=\"1\u00a0Minute\" \/>\n<script type=\"application\/ld+json\" class=\"yoast-schema-graph\">{\"@context\":\"https:\/\/schema.org\",\"@graph\":[{\"@type\":\"Article\",\"@id\":\"https:\/\/www.ksv-gf.de\/?p=459#article\",\"isPartOf\":{\"@id\":\"https:\/\/www.ksv-gf.de\/?p=459\"},\"author\":{\"name\":\"admin\",\"@id\":\"https:\/\/www.ksv-gf.de\/#\/schema\/person\/fbe636c67ec1ff98950697ad16952813\"},\"headline\":\"Heike Denzer einstimmig wieder gew\u00e4hlt\",\"datePublished\":\"2018-11-21T01:33:19+00:00\",\"dateModified\":\"2019-11-21T01:34:49+00:00\",\"mainEntityOfPage\":{\"@id\":\"https:\/\/www.ksv-gf.de\/?p=459\"},\"wordCount\":206,\"publisher\":{\"@id\":\"https:\/\/www.ksv-gf.de\/#organization\"},\"image\":{\"@id\":\"https:\/\/www.ksv-gf.de\/?p=459#primaryimage\"},\"thumbnailUrl\":\"https:\/\/www.ksv-gf.de\/wp-content\/uploads\/2019\/11\/Heike.jpg\",\"articleSection\":[\"Uncategorized\"],\"inLanguage\":\"de\"},{\"@type\":\"WebPage\",\"@id\":\"https:\/\/www.ksv-gf.de\/?p=459\",\"url\":\"https:\/\/www.ksv-gf.de\/?p=459\",\"name\":\"Heike Denzer einstimmig wieder gew\u00e4hlt - KSV Gifhorn\",\"isPartOf\":{\"@id\":\"https:\/\/www.ksv-gf.de\/#website\"},\"primaryImageOfPage\":{\"@id\":\"https:\/\/www.ksv-gf.de\/?p=459#primaryimage\"},\"image\":{\"@id\":\"https:\/\/www.ksv-gf.de\/?p=459#primaryimage\"},\"thumbnailUrl\":\"https:\/\/www.ksv-gf.de\/wp-content\/uploads\/2019\/11\/Heike.jpg\",\"datePublished\":\"2018-11-21T01:33:19+00:00\",\"dateModified\":\"2019-11-21T01:34:49+00:00\",\"breadcrumb\":{\"@id\":\"https:\/\/www.ksv-gf.de\/?p=459#breadcrumb\"},\"inLanguage\":\"de\",\"potentialAction\":[{\"@type\":\"ReadAction\",\"target\":[\"https:\/\/www.ksv-gf.de\/?p=459\"]}]},{\"@type\":\"ImageObject\",\"inLanguage\":\"de\",\"@id\":\"https:\/\/www.ksv-gf.de\/?p=459#primaryimage\",\"url\":\"https:\/\/www.ksv-gf.de\/wp-content\/uploads\/2019\/11\/Heike.jpg\",\"contentUrl\":\"https:\/\/www.ksv-gf.de\/wp-content\/uploads\/2019\/11\/Heike.jpg\",\"width\":404,\"height\":628},{\"@type\":\"BreadcrumbList\",\"@id\":\"https:\/\/www.ksv-gf.de\/?p=459#breadcrumb\",\"itemListElement\":[{\"@type\":\"ListItem\",\"position\":1,\"name\":\"Startseite\",\"item\":\"https:\/\/www.ksv-gf.de\/\"},{\"@type\":\"ListItem\",\"position\":2,\"name\":\"Heike Denzer einstimmig wieder gew\u00e4hlt\"}]},{\"@type\":\"WebSite\",\"@id\":\"https:\/\/www.ksv-gf.de\/#website\",\"url\":\"https:\/\/www.ksv-gf.de\/\",\"name\":\"KSV Gifhorn\",\"description\":\"\",\"publisher\":{\"@id\":\"https:\/\/www.ksv-gf.de\/#organization\"},\"potentialAction\":[{\"@type\":\"SearchAction\",\"target\":{\"@type\":\"EntryPoint\",\"urlTemplate\":\"https:\/\/www.ksv-gf.de\/?s={search_term_string}\"},\"query-input\":{\"@type\":\"PropertyValueSpecification\",\"valueRequired\":true,\"valueName\":\"search_term_string\"}}],\"inLanguage\":\"de\"},{\"@type\":\"Organization\",\"@id\":\"https:\/\/www.ksv-gf.de\/#organization\",\"name\":\"Kreissch\u00fctzenverband Gifhorn e.V.\",\"url\":\"https:\/\/www.ksv-gf.de\/\",\"logo\":{\"@type\":\"ImageObject\",\"inLanguage\":\"de\",\"@id\":\"https:\/\/www.ksv-gf.de\/#\/schema\/logo\/image\/\",\"url\":\"https:\/\/www.ksv-gf.de\/wp-content\/uploads\/2021\/05\/cropped-WAPPEN-KSV-GIFHORN_NEU.png\",\"contentUrl\":\"https:\/\/www.ksv-gf.de\/wp-content\/uploads\/2021\/05\/cropped-WAPPEN-KSV-GIFHORN_NEU.png\",\"width\":204,\"height\":250,\"caption\":\"Kreissch\u00fctzenverband Gifhorn e.V.\"},\"image\":{\"@id\":\"https:\/\/www.ksv-gf.de\/#\/schema\/logo\/image\/\"}},{\"@type\":\"Person\",\"@id\":\"https:\/\/www.ksv-gf.de\/#\/schema\/person\/fbe636c67ec1ff98950697ad16952813\",\"name\":\"admin\",\"image\":{\"@type\":\"ImageObject\",\"inLanguage\":\"de\",\"@id\":\"https:\/\/www.ksv-gf.de\/#\/schema\/person\/image\/\",\"url\":\"https:\/\/secure.gravatar.com\/avatar\/698b75116bf8930ea391c6135e06fcb2e3d7c7c99e34a93bfdad8fdb3b5c1baa?s=96&d=mm&r=g\",\"contentUrl\":\"https:\/\/secure.gravatar.com\/avatar\/698b75116bf8930ea391c6135e06fcb2e3d7c7c99e34a93bfdad8fdb3b5c1baa?s=96&d=mm&r=g\",\"caption\":\"admin\"},\"url\":\"https:\/\/www.ksv-gf.de\/?author=1\"}]}<\/script>\n<!-- \/ Yoast SEO plugin. -->","yoast_head_json":{"title":"Heike Denzer einstimmig wieder gew\u00e4hlt - KSV Gifhorn","robots":{"index":"index","follow":"follow","max-snippet":"max-snippet:-1","max-image-preview":"max-image-preview:large","max-video-preview":"max-video-preview:-1"},"canonical":"https:\/\/www.ksv-gf.de\/?p=459","og_locale":"de_DE","og_type":"article","og_title":"Heike Denzer einstimmig wieder gew\u00e4hlt - KSV Gifhorn","og_description":"Kreisdamentreffen in Meine Text und Foto Klaus-Dieter Oppermann Anl\u00e4sslich der Wahl w\u00e4hrend des 49. Kreisdamentreffens wurde die Kreisdamenleiterin Heike Denzer einstimmig in ihrem Amt best\u00e4tigt. Heike Denzer bekleidet dieses Amt &hellip; \u201eHeike Denzer einstimmig wieder gew\u00e4hlt\u201c weiterlesen","og_url":"https:\/\/www.ksv-gf.de\/?p=459","og_site_name":"KSV Gifhorn","article_published_time":"2018-11-21T01:33:19+00:00","article_modified_time":"2019-11-21T01:34:49+00:00","og_image":[{"url":"https:\/\/www.ksv-gf.de\/wp-content\/uploads\/2019\/11\/Heike.jpg","type":"","width":"","height":""}],"author":"admin","twitter_card":"summary_large_image","twitter_misc":{"Verfasst von":"admin","Gesch\u00e4tzte Lesezeit":"1\u00a0Minute"},"schema":{"@context":"https:\/\/schema.org","@graph":[{"@type":"Article","@id":"https:\/\/www.ksv-gf.de\/?p=459#article","isPartOf":{"@id":"https:\/\/www.ksv-gf.de\/?p=459"},"author":{"name":"admin","@id":"https:\/\/www.ksv-gf.de\/#\/schema\/person\/fbe636c67ec1ff98950697ad16952813"},"headline":"Heike Denzer einstimmig wieder gew\u00e4hlt","datePublished":"2018-11-21T01:33:19+00:00","dateModified":"2019-11-21T01:34:49+00:00","mainEntityOfPage":{"@id":"https:\/\/www.ksv-gf.de\/?p=459"},"wordCount":206,"publisher":{"@id":"https:\/\/www.ksv-gf.de\/#organization"},"image":{"@id":"https:\/\/www.ksv-gf.de\/?p=459#primaryimage"},"thumbnailUrl":"https:\/\/www.ksv-gf.de\/wp-content\/uploads\/2019\/11\/Heike.jpg","articleSection":["Uncategorized"],"inLanguage":"de"},{"@type":"WebPage","@id":"https:\/\/www.ksv-gf.de\/?p=459","url":"https:\/\/www.ksv-gf.de\/?p=459","name":"Heike Denzer einstimmig wieder gew\u00e4hlt - KSV Gifhorn","isPartOf":{"@id":"https:\/\/www.ksv-gf.de\/#website"},"primaryImageOfPage":{"@id":"https:\/\/www.ksv-gf.de\/?p=459#primaryimage"},"image":{"@id":"https:\/\/www.ksv-gf.de\/?p=459#primaryimage"},"thumbnailUrl":"https:\/\/www.ksv-gf.de\/wp-content\/uploads\/2019\/11\/Heike.jpg","datePublished":"2018-11-21T01:33:19+00:00","dateModified":"2019-11-21T01:34:49+00:00","breadcrumb":{"@id":"https:\/\/www.ksv-gf.de\/?p=459#breadcrumb"},"inLanguage":"de","potentialAction":[{"@type":"ReadAction","target":["https:\/\/www.ksv-gf.de\/?p=459"]}]},{"@type":"ImageObject","inLanguage":"de","@id":"https:\/\/www.ksv-gf.de\/?p=459#primaryimage","url":"https:\/\/www.ksv-gf.de\/wp-content\/uploads\/2019\/11\/Heike.jpg","contentUrl":"https:\/\/www.ksv-gf.de\/wp-content\/uploads\/2019\/11\/Heike.jpg","width":404,"height":628},{"@type":"BreadcrumbList","@id":"https:\/\/www.ksv-gf.de\/?p=459#breadcrumb","itemListElement":[{"@type":"ListItem","position":1,"name":"Startseite","item":"https:\/\/www.ksv-gf.de\/"},{"@type":"ListItem","position":2,"name":"Heike Denzer einstimmig wieder gew\u00e4hlt"}]},{"@type":"WebSite","@id":"https:\/\/www.ksv-gf.de\/#website","url":"https:\/\/www.ksv-gf.de\/","name":"KSV Gifhorn","description":"","publisher":{"@id":"https:\/\/www.ksv-gf.de\/#organization"},"potentialAction":[{"@type":"SearchAction","target":{"@type":"EntryPoint","urlTemplate":"https:\/\/www.ksv-gf.de\/?s={search_term_string}"},"query-input":{"@type":"PropertyValueSpecification","valueRequired":true,"valueName":"search_term_string"}}],"inLanguage":"de"},{"@type":"Organization","@id":"https:\/\/www.ksv-gf.de\/#organization","name":"Kreissch\u00fctzenverband Gifhorn e.V.","url":"https:\/\/www.ksv-gf.de\/","logo":{"@type":"ImageObject","inLanguage":"de","@id":"https:\/\/www.ksv-gf.de\/#\/schema\/logo\/image\/","url":"https:\/\/www.ksv-gf.de\/wp-content\/uploads\/2021\/05\/cropped-WAPPEN-KSV-GIFHORN_NEU.png","contentUrl":"https:\/\/www.ksv-gf.de\/wp-content\/uploads\/2021\/05\/cropped-WAPPEN-KSV-GIFHORN_NEU.png","width":204,"height":250,"caption":"Kreissch\u00fctzenverband Gifhorn e.V."},"image":{"@id":"https:\/\/www.ksv-gf.de\/#\/schema\/logo\/image\/"}},{"@type":"Person","@id":"https:\/\/www.ksv-gf.de\/#\/schema\/person\/fbe636c67ec1ff98950697ad16952813","name":"admin","image":{"@type":"ImageObject","inLanguage":"de","@id":"https:\/\/www.ksv-gf.de\/#\/schema\/person\/image\/","url":"https:\/\/secure.gravatar.com\/avatar\/698b75116bf8930ea391c6135e06fcb2e3d7c7c99e34a93bfdad8fdb3b5c1baa?s=96&d=mm&r=g","contentUrl":"https:\/\/secure.gravatar.com\/avatar\/698b75116bf8930ea391c6135e06fcb2e3d7c7c99e34a93bfdad8fdb3b5c1baa?s=96&d=mm&r=g","caption":"admin"},"url":"https:\/\/www.ksv-gf.de\/?author=1"}]}},"jetpack_featured_media_url":"","jetpack_sharing_enabled":true,"publishpress_future_action":{"enabled":false,"date":"2026-05-02 09:39:58","action":"change-status","newStatus":"draft","terms":[],"taxonomy":"category","extraData":[]},"publishpress_future_workflow_manual_trigger":{"enabledWorkflows":[]},"_links":{"self":[{"href":"https:\/\/www.ksv-gf.de\/index.php?rest_route=\/wp\/v2\/posts\/459","targetHints":{"allow":["GET"]}}],"collection":[{"href":"https:\/\/www.ksv-gf.de\/index.php?rest_route=\/wp\/v2\/posts"}],"about":[{"href":"https:\/\/www.ksv-gf.de\/index.php?rest_route=\/wp\/v2\/types\/post"}],"author":[{"embeddable":true,"href":"https:\/\/www.ksv-gf.de\/index.php?rest_route=\/wp\/v2\/users\/1"}],"replies":[{"embeddable":true,"href":"https:\/\/www.ksv-gf.de\/index.php?rest_route=%2Fwp%2Fv2%2Fcomments&post=459"}],"version-history":[{"count":2,"href":"https:\/\/www.ksv-gf.de\/index.php?rest_route=\/wp\/v2\/posts\/459\/revisions"}],"predecessor-version":[{"id":462,"href":"https:\/\/www.ksv-gf.de\/index.php?rest_route=\/wp\/v2\/posts\/459\/revisions\/462"}],"wp:attachment":[{"href":"https:\/\/www.ksv-gf.de\/index.php?rest_route=%2Fwp%2Fv2%2Fmedia&parent=459"}],"wp:term":[{"taxonomy":"category","embeddable":true,"href":"https:\/\/www.ksv-gf.de\/index.php?rest_route=%2Fwp%2Fv2%2Fcategories&post=459"},{"taxonomy":"post_tag","embeddable":true,"href":"https:\/\/www.ksv-gf.de\/index.php?rest_route=%2Fwp%2Fv2%2Ftags&post=459"}],"curies":[{"name":"wp","href":"https:\/\/api.w.org\/{rel}","templated":true}]}}