{"id":457,"date":"2018-11-21T02:32:00","date_gmt":"2018-11-21T01:32:00","guid":{"rendered":"https:\/\/www.ksv-gf.de\/?p=457"},"modified":"2019-11-21T02:32:46","modified_gmt":"2019-11-21T01:32:46","slug":"uwe-weimann-im-amt-bestaetigt","status":"publish","type":"post","link":"https:\/\/www.ksv-gf.de\/?p=457","title":{"rendered":"Uwe Weimann im Amt best\u00e4tigt"},"content":{"rendered":"\n<p><\/p>\n\n\n\n<p><strong> Kreisfachverband Schie\u00dfsport tagte<\/strong><\/p>\n\n\n\n<p>Text Klaus-Dieter Oppermann<\/p>\n\n\n\n<p>Anl\u00e4sslich der Tagung des Kreisfachverbandes Schie\u00dfsport  wurde Uwe Weimann als Vorsitzender best\u00e4tigt. Weiterhin wurden auch  Harald Bohne vom Kreissch\u00fctzenverband Isenhagen-Wittingen als Stellvertreter  sowie Schatzmeister Hans-J\u00fcrgen Siepert aus Wolfsburg und Schriftf\u00fchrerin Nicole Trajkovic aus Rethen in ihre \u00c4mter wieder  gew\u00e4hlt. Damit sind weiterhin alle drei dem Verband angeh\u00f6rende  Kreisverb\u00e4nde im Vorstand vertreten.  <br> Uwe Weimann bedauerte, dass die anschlie\u00dfende Informationsveranstaltung  nicht so gut besucht war, wie man sich das gew\u00fcnscht h\u00e4tte. <\/p>\n","protected":false},"excerpt":{"rendered":"<p>Kreisfachverband Schie\u00dfsport tagte Text Klaus-Dieter Oppermann Anl\u00e4sslich der Tagung des Kreisfachverbandes Schie\u00dfsport wurde Uwe Weimann als Vorsitzender best\u00e4tigt. Weiterhin wurden auch Harald Bohne vom Kreissch\u00fctzenverband Isenhagen-Wittingen als Stellvertreter sowie Schatzmeister &hellip; <\/p>\n<p class=\"link-more\"><a href=\"https:\/\/www.ksv-gf.de\/?p=457\" class=\"more-link\"><span class=\"screen-reader-text\">\u201eUwe Weimann im Amt best\u00e4tigt\u201c <\/span>weiterlesen<\/a><\/p>\n","protected":false},"author":1,"featured_media":0,"comment_status":"closed","ping_status":"closed","sticky":false,"template":"","format":"standard","meta":{"_jetpack_memberships_contains_paid_content":false,"footnotes":""},"categories":[1],"tags":[],"class_list":["post-457","post","type-post","status-publish","format-standard","hentry","category-uncategorized"],"yoast_head":"<!-- This site is optimized with the Yoast SEO plugin v27.1.1 - https:\/\/yoast.com\/product\/yoast-seo-wordpress\/ -->\n<title>Uwe Weimann im Amt best\u00e4tigt - KSV Gifhorn<\/title>\n<meta name=\"robots\" content=\"index, follow, max-snippet:-1, max-image-preview:large, max-video-preview:-1\" \/>\n<link rel=\"canonical\" href=\"https:\/\/www.ksv-gf.de\/?p=457\" \/>\n<meta property=\"og:locale\" content=\"de_DE\" \/>\n<meta property=\"og:type\" content=\"article\" \/>\n<meta property=\"og:title\" content=\"Uwe Weimann im Amt best\u00e4tigt - KSV Gifhorn\" \/>\n<meta property=\"og:description\" content=\"Kreisfachverband Schie\u00dfsport tagte Text Klaus-Dieter Oppermann Anl\u00e4sslich der Tagung des Kreisfachverbandes Schie\u00dfsport wurde Uwe Weimann als Vorsitzender best\u00e4tigt. Weiterhin wurden auch Harald Bohne vom Kreissch\u00fctzenverband Isenhagen-Wittingen als Stellvertreter sowie Schatzmeister &hellip; \u201eUwe Weimann im Amt best\u00e4tigt\u201c weiterlesen\" \/>\n<meta property=\"og:url\" content=\"https:\/\/www.ksv-gf.de\/?p=457\" \/>\n<meta property=\"og:site_name\" content=\"KSV Gifhorn\" \/>\n<meta property=\"article:published_time\" content=\"2018-11-21T01:32:00+00:00\" \/>\n<meta property=\"article:modified_time\" content=\"2019-11-21T01:32:46+00:00\" \/>\n<meta name=\"author\" content=\"admin\" \/>\n<meta name=\"twitter:card\" content=\"summary_large_image\" \/>\n<meta name=\"twitter:label1\" content=\"Verfasst von\" \/>\n\t<meta name=\"twitter:data1\" content=\"admin\" \/>\n<script type=\"application\/ld+json\" class=\"yoast-schema-graph\">{\"@context\":\"https:\/\/schema.org\",\"@graph\":[{\"@type\":\"Article\",\"@id\":\"https:\/\/www.ksv-gf.de\/?p=457#article\",\"isPartOf\":{\"@id\":\"https:\/\/www.ksv-gf.de\/?p=457\"},\"author\":{\"name\":\"admin\",\"@id\":\"https:\/\/www.ksv-gf.de\/#\/schema\/person\/fbe636c67ec1ff98950697ad16952813\"},\"headline\":\"Uwe Weimann im Amt best\u00e4tigt\",\"datePublished\":\"2018-11-21T01:32:00+00:00\",\"dateModified\":\"2019-11-21T01:32:46+00:00\",\"mainEntityOfPage\":{\"@id\":\"https:\/\/www.ksv-gf.de\/?p=457\"},\"wordCount\":94,\"publisher\":{\"@id\":\"https:\/\/www.ksv-gf.de\/#organization\"},\"articleSection\":[\"Uncategorized\"],\"inLanguage\":\"de\"},{\"@type\":\"WebPage\",\"@id\":\"https:\/\/www.ksv-gf.de\/?p=457\",\"url\":\"https:\/\/www.ksv-gf.de\/?p=457\",\"name\":\"Uwe Weimann im Amt best\u00e4tigt - KSV Gifhorn\",\"isPartOf\":{\"@id\":\"https:\/\/www.ksv-gf.de\/#website\"},\"datePublished\":\"2018-11-21T01:32:00+00:00\",\"dateModified\":\"2019-11-21T01:32:46+00:00\",\"breadcrumb\":{\"@id\":\"https:\/\/www.ksv-gf.de\/?p=457#breadcrumb\"},\"inLanguage\":\"de\",\"potentialAction\":[{\"@type\":\"ReadAction\",\"target\":[\"https:\/\/www.ksv-gf.de\/?p=457\"]}]},{\"@type\":\"BreadcrumbList\",\"@id\":\"https:\/\/www.ksv-gf.de\/?p=457#breadcrumb\",\"itemListElement\":[{\"@type\":\"ListItem\",\"position\":1,\"name\":\"Startseite\",\"item\":\"https:\/\/www.ksv-gf.de\/\"},{\"@type\":\"ListItem\",\"position\":2,\"name\":\"Uwe Weimann im Amt best\u00e4tigt\"}]},{\"@type\":\"WebSite\",\"@id\":\"https:\/\/www.ksv-gf.de\/#website\",\"url\":\"https:\/\/www.ksv-gf.de\/\",\"name\":\"KSV Gifhorn\",\"description\":\"\",\"publisher\":{\"@id\":\"https:\/\/www.ksv-gf.de\/#organization\"},\"potentialAction\":[{\"@type\":\"SearchAction\",\"target\":{\"@type\":\"EntryPoint\",\"urlTemplate\":\"https:\/\/www.ksv-gf.de\/?s={search_term_string}\"},\"query-input\":{\"@type\":\"PropertyValueSpecification\",\"valueRequired\":true,\"valueName\":\"search_term_string\"}}],\"inLanguage\":\"de\"},{\"@type\":\"Organization\",\"@id\":\"https:\/\/www.ksv-gf.de\/#organization\",\"name\":\"Kreissch\u00fctzenverband Gifhorn e.V.\",\"url\":\"https:\/\/www.ksv-gf.de\/\",\"logo\":{\"@type\":\"ImageObject\",\"inLanguage\":\"de\",\"@id\":\"https:\/\/www.ksv-gf.de\/#\/schema\/logo\/image\/\",\"url\":\"https:\/\/www.ksv-gf.de\/wp-content\/uploads\/2021\/05\/cropped-WAPPEN-KSV-GIFHORN_NEU.png\",\"contentUrl\":\"https:\/\/www.ksv-gf.de\/wp-content\/uploads\/2021\/05\/cropped-WAPPEN-KSV-GIFHORN_NEU.png\",\"width\":204,\"height\":250,\"caption\":\"Kreissch\u00fctzenverband Gifhorn e.V.\"},\"image\":{\"@id\":\"https:\/\/www.ksv-gf.de\/#\/schema\/logo\/image\/\"}},{\"@type\":\"Person\",\"@id\":\"https:\/\/www.ksv-gf.de\/#\/schema\/person\/fbe636c67ec1ff98950697ad16952813\",\"name\":\"admin\",\"image\":{\"@type\":\"ImageObject\",\"inLanguage\":\"de\",\"@id\":\"https:\/\/www.ksv-gf.de\/#\/schema\/person\/image\/\",\"url\":\"https:\/\/secure.gravatar.com\/avatar\/698b75116bf8930ea391c6135e06fcb2e3d7c7c99e34a93bfdad8fdb3b5c1baa?s=96&d=mm&r=g\",\"contentUrl\":\"https:\/\/secure.gravatar.com\/avatar\/698b75116bf8930ea391c6135e06fcb2e3d7c7c99e34a93bfdad8fdb3b5c1baa?s=96&d=mm&r=g\",\"caption\":\"admin\"},\"url\":\"https:\/\/www.ksv-gf.de\/?author=1\"}]}<\/script>\n<!-- \/ Yoast SEO plugin. -->","yoast_head_json":{"title":"Uwe Weimann im Amt best\u00e4tigt - KSV Gifhorn","robots":{"index":"index","follow":"follow","max-snippet":"max-snippet:-1","max-image-preview":"max-image-preview:large","max-video-preview":"max-video-preview:-1"},"canonical":"https:\/\/www.ksv-gf.de\/?p=457","og_locale":"de_DE","og_type":"article","og_title":"Uwe Weimann im Amt best\u00e4tigt - KSV Gifhorn","og_description":"Kreisfachverband Schie\u00dfsport tagte Text Klaus-Dieter Oppermann Anl\u00e4sslich der Tagung des Kreisfachverbandes Schie\u00dfsport wurde Uwe Weimann als Vorsitzender best\u00e4tigt. Weiterhin wurden auch Harald Bohne vom Kreissch\u00fctzenverband Isenhagen-Wittingen als Stellvertreter sowie Schatzmeister &hellip; \u201eUwe Weimann im Amt best\u00e4tigt\u201c weiterlesen","og_url":"https:\/\/www.ksv-gf.de\/?p=457","og_site_name":"KSV Gifhorn","article_published_time":"2018-11-21T01:32:00+00:00","article_modified_time":"2019-11-21T01:32:46+00:00","author":"admin","twitter_card":"summary_large_image","twitter_misc":{"Verfasst von":"admin"},"schema":{"@context":"https:\/\/schema.org","@graph":[{"@type":"Article","@id":"https:\/\/www.ksv-gf.de\/?p=457#article","isPartOf":{"@id":"https:\/\/www.ksv-gf.de\/?p=457"},"author":{"name":"admin","@id":"https:\/\/www.ksv-gf.de\/#\/schema\/person\/fbe636c67ec1ff98950697ad16952813"},"headline":"Uwe Weimann im Amt best\u00e4tigt","datePublished":"2018-11-21T01:32:00+00:00","dateModified":"2019-11-21T01:32:46+00:00","mainEntityOfPage":{"@id":"https:\/\/www.ksv-gf.de\/?p=457"},"wordCount":94,"publisher":{"@id":"https:\/\/www.ksv-gf.de\/#organization"},"articleSection":["Uncategorized"],"inLanguage":"de"},{"@type":"WebPage","@id":"https:\/\/www.ksv-gf.de\/?p=457","url":"https:\/\/www.ksv-gf.de\/?p=457","name":"Uwe Weimann im Amt best\u00e4tigt - KSV Gifhorn","isPartOf":{"@id":"https:\/\/www.ksv-gf.de\/#website"},"datePublished":"2018-11-21T01:32:00+00:00","dateModified":"2019-11-21T01:32:46+00:00","breadcrumb":{"@id":"https:\/\/www.ksv-gf.de\/?p=457#breadcrumb"},"inLanguage":"de","potentialAction":[{"@type":"ReadAction","target":["https:\/\/www.ksv-gf.de\/?p=457"]}]},{"@type":"BreadcrumbList","@id":"https:\/\/www.ksv-gf.de\/?p=457#breadcrumb","itemListElement":[{"@type":"ListItem","position":1,"name":"Startseite","item":"https:\/\/www.ksv-gf.de\/"},{"@type":"ListItem","position":2,"name":"Uwe Weimann im Amt best\u00e4tigt"}]},{"@type":"WebSite","@id":"https:\/\/www.ksv-gf.de\/#website","url":"https:\/\/www.ksv-gf.de\/","name":"KSV Gifhorn","description":"","publisher":{"@id":"https:\/\/www.ksv-gf.de\/#organization"},"potentialAction":[{"@type":"SearchAction","target":{"@type":"EntryPoint","urlTemplate":"https:\/\/www.ksv-gf.de\/?s={search_term_string}"},"query-input":{"@type":"PropertyValueSpecification","valueRequired":true,"valueName":"search_term_string"}}],"inLanguage":"de"},{"@type":"Organization","@id":"https:\/\/www.ksv-gf.de\/#organization","name":"Kreissch\u00fctzenverband Gifhorn e.V.","url":"https:\/\/www.ksv-gf.de\/","logo":{"@type":"ImageObject","inLanguage":"de","@id":"https:\/\/www.ksv-gf.de\/#\/schema\/logo\/image\/","url":"https:\/\/www.ksv-gf.de\/wp-content\/uploads\/2021\/05\/cropped-WAPPEN-KSV-GIFHORN_NEU.png","contentUrl":"https:\/\/www.ksv-gf.de\/wp-content\/uploads\/2021\/05\/cropped-WAPPEN-KSV-GIFHORN_NEU.png","width":204,"height":250,"caption":"Kreissch\u00fctzenverband Gifhorn e.V."},"image":{"@id":"https:\/\/www.ksv-gf.de\/#\/schema\/logo\/image\/"}},{"@type":"Person","@id":"https:\/\/www.ksv-gf.de\/#\/schema\/person\/fbe636c67ec1ff98950697ad16952813","name":"admin","image":{"@type":"ImageObject","inLanguage":"de","@id":"https:\/\/www.ksv-gf.de\/#\/schema\/person\/image\/","url":"https:\/\/secure.gravatar.com\/avatar\/698b75116bf8930ea391c6135e06fcb2e3d7c7c99e34a93bfdad8fdb3b5c1baa?s=96&d=mm&r=g","contentUrl":"https:\/\/secure.gravatar.com\/avatar\/698b75116bf8930ea391c6135e06fcb2e3d7c7c99e34a93bfdad8fdb3b5c1baa?s=96&d=mm&r=g","caption":"admin"},"url":"https:\/\/www.ksv-gf.de\/?author=1"}]}},"jetpack_featured_media_url":"","jetpack_sharing_enabled":true,"publishpress_future_action":{"enabled":false,"date":"2026-05-02 09:39:59","action":"change-status","newStatus":"draft","terms":[],"taxonomy":"category","extraData":[]},"publishpress_future_workflow_manual_trigger":{"enabledWorkflows":[]},"_links":{"self":[{"href":"https:\/\/www.ksv-gf.de\/index.php?rest_route=\/wp\/v2\/posts\/457","targetHints":{"allow":["GET"]}}],"collection":[{"href":"https:\/\/www.ksv-gf.de\/index.php?rest_route=\/wp\/v2\/posts"}],"about":[{"href":"https:\/\/www.ksv-gf.de\/index.php?rest_route=\/wp\/v2\/types\/post"}],"author":[{"embeddable":true,"href":"https:\/\/www.ksv-gf.de\/index.php?rest_route=\/wp\/v2\/users\/1"}],"replies":[{"embeddable":true,"href":"https:\/\/www.ksv-gf.de\/index.php?rest_route=%2Fwp%2Fv2%2Fcomments&post=457"}],"version-history":[{"count":1,"href":"https:\/\/www.ksv-gf.de\/index.php?rest_route=\/wp\/v2\/posts\/457\/revisions"}],"predecessor-version":[{"id":458,"href":"https:\/\/www.ksv-gf.de\/index.php?rest_route=\/wp\/v2\/posts\/457\/revisions\/458"}],"wp:attachment":[{"href":"https:\/\/www.ksv-gf.de\/index.php?rest_route=%2Fwp%2Fv2%2Fmedia&parent=457"}],"wp:term":[{"taxonomy":"category","embeddable":true,"href":"https:\/\/www.ksv-gf.de\/index.php?rest_route=%2Fwp%2Fv2%2Fcategories&post=457"},{"taxonomy":"post_tag","embeddable":true,"href":"https:\/\/www.ksv-gf.de\/index.php?rest_route=%2Fwp%2Fv2%2Ftags&post=457"}],"curies":[{"name":"wp","href":"https:\/\/api.w.org\/{rel}","templated":true}]}}